{"id":9503,"date":"2022-03-24T16:21:39","date_gmt":"2022-03-24T15:21:39","guid":{"rendered":"https:\/\/afev.cat\/?p=9503"},"modified":"2022-03-28T12:21:40","modified_gmt":"2022-03-28T10:21:40","slug":"entandem-lleida","status":"publish","type":"post","link":"https:\/\/afev.cat\/es\/entandem-lleida\/","title":{"rendered":"El proyecto enT\u00e0ndem llega a la provincia de Lleida"},"content":{"rendered":"\n<h2 class=\"wp-block-heading\">El proyecto enT\u00e0ndem se desplegar\u00e1 en Guissona, Cervera y Mollerussa para acompa\u00f1ar ni\u00f1os, ni\u00f1as y adolescentes en situaci\u00f3n vulnerabilidad.<\/h2>\n\n\n\n<p>El programa de <strong>mentoria social <a href=\"https:\/\/entandem.cat\/\">enT\u00e0ndem<\/a><\/strong><a href=\"https:\/\/entandem.cat\/\"> <\/a>del AFEV ha llegado a Poniente de la mano del <strong>Plan de Mejora de Oportunidades Educativas (PMOE)<\/strong>, que aprob\u00f3 el a\u00f1o pasado la Generalitat de Catalu\u00f1a para hacer frente a las desigualdades educativas derivadas de la pandemia.<\/p>\n\n\n\n<p>Los Planes Educativos de Entorno de los respectivos ayuntamientos han elegido este proyecto, donde una persona joven voluntaria hace de referente de un ni\u00f1o, ni\u00f1a o adolescente en situaci\u00f3n de dificultad personal o social.<\/p>\n\n\n\n<p>Actualmente tenemos en funcionamiento <strong>dos t\u00e1ndems en el Institut Mollerussa IV, tres en el INS Alcarr\u00e0s, tres en el INS Segarra de Cervera y dos a en el INS Guissona<\/strong>. <\/p>\n\n\n\n<p>Recordamos que en enT\u00e0ndem, la acci\u00f3n solidaria consiste en que el mentor o mentora acompa\u00f1a al ni\u00f1o, ni\u00f1a o adolescente durante una tarde a la semana (dos horas) y realizan <strong>actividades que estimulan la autonom\u00eda, la autoestima y la motivaci\u00f3n y el inter\u00e9s en el estudio.<\/strong><\/p>\n\n\n\n<p>Gracias a este acompa\u00f1amiento, los ni\u00f1os, ni\u00f1as y adolescentes consiguen tener alguien con qui\u00e9n contar; un referente con quien aprenden, se divierten y toman conciencia de que el esfuerzo tiene recompensas; mientras que tambi\u00e9n se sienten m\u00e1s motivados y motivadas para continuar estudiando y mejorar los resultados acad\u00e9micos.<\/p>\n\n\n\n<p>De hecho, seg\u00fan los equipos de Servicios Sociales y los centros educativos, <strong>el 90% de ni\u00f1os, ni\u00f1as y j\u00f3venes que participan en el programa mejoran tanto a nivel personal como acad\u00e9mico<\/strong>. Adem\u00e1s, <strong>el 77.8%<\/strong> de estas personas acompa\u00f1adas tienen m\u00e1s claro qu\u00e9 estudiar\u00e1n en el futuro.<\/p>\n\n\n\n<p>Cabe destacar que este proyecto empez\u00f3 el 2008 en Barcelona y en estos momentos colaboran <strong>m\u00e1s de 250 personas voluntarias<\/strong> en varios territorios de la <strong>provincia de Barcelona, de Lleida y de Val\u00e8ncia<\/strong>.<\/p>\n","protected":false},"excerpt":{"rendered":"<p>El proyecto enT\u00e0ndem se desplegar\u00e1 en Guissona, Cervera y Mollerussa para acompa\u00f1ar ni\u00f1os, ni\u00f1as y adolescentes en situaci\u00f3n vulnerabilidad. El programa de mentoria social enT\u00e0ndem del AFEV ha llegado a Poniente de la mano del Plan de Mejora de Oportunidades Educativas (PMOE), que aprob\u00f3 el a\u00f1o pasado la Generalitat de Catalu\u00f1a para hacer frente a &hellip;<\/p>\n","protected":false},"author":1,"featured_media":9502,"comment_status":"closed","ping_status":"open","sticky":false,"template":"","format":"standard","meta":{"inline_featured_image":false,"footnotes":""},"categories":[650],"tags":[691,671],"class_list":["post-9503","post","type-post","status-publish","format-standard","has-post-thumbnail","hentry","category-sabias-que","tag-afev-es","tag-entandem-es"],"yoast_head":"<!-- This site is optimized with the Yoast SEO plugin v27.0 - https:\/\/yoast.com\/product\/yoast-seo-wordpress\/ -->\n<title>El proyecto enT\u00e0ndem llega a la provincia de Lleida - AFEV<\/title>\n<meta name=\"description\" content=\"El proyecto enT\u00e0ndem se desplegar\u00e1 en Guissona, Cervera y Mollerussa para acompa\u00f1ar ni\u00f1os y adolescentes en situaci\u00f3n vulnerabilidad.\" \/>\n<meta name=\"robots\" content=\"index, follow, max-snippet:-1, max-image-preview:large, max-video-preview:-1\" \/>\n<link rel=\"canonical\" href=\"https:\/\/afev.cat\/es\/entandem-lleida\/\" \/>\n<meta property=\"og:locale\" content=\"es_ES\" \/>\n<meta property=\"og:type\" content=\"article\" \/>\n<meta property=\"og:title\" content=\"El proyecto enT\u00e0ndem llega a la provincia de Lleida - AFEV\" \/>\n<meta property=\"og:description\" content=\"El proyecto enT\u00e0ndem se desplegar\u00e1 en Guissona, Cervera y Mollerussa para acompa\u00f1ar ni\u00f1os y adolescentes en situaci\u00f3n vulnerabilidad.\" \/>\n<meta property=\"og:url\" content=\"https:\/\/afev.cat\/es\/entandem-lleida\/\" \/>\n<meta property=\"og:site_name\" content=\"AFEV\" \/>\n<meta property=\"article:publisher\" content=\"https:\/\/www.facebook.com\/afevcat\" \/>\n<meta property=\"article:published_time\" content=\"2022-03-24T15:21:39+00:00\" \/>\n<meta property=\"article:modified_time\" content=\"2022-03-28T10:21:40+00:00\" \/>\n<meta property=\"og:image\" content=\"https:\/\/afev.cat\/wp-content\/uploads\/2022\/03\/Claudia-i-Imane-2.jpeg\" \/>\n\t<meta property=\"og:image:width\" content=\"2000\" \/>\n\t<meta property=\"og:image:height\" content=\"1500\" \/>\n\t<meta property=\"og:image:type\" content=\"image\/jpeg\" \/>\n<meta name=\"author\" content=\"adminTandem\" \/>\n<meta name=\"twitter:card\" content=\"summary_large_image\" \/>\n<meta name=\"twitter:creator\" content=\"@afevcat\" \/>\n<meta name=\"twitter:site\" content=\"@afevcat\" \/>\n<meta name=\"twitter:label1\" content=\"Escrito por\" \/>\n\t<meta name=\"twitter:data1\" content=\"adminTandem\" \/>\n\t<meta name=\"twitter:label2\" content=\"Tiempo de lectura\" \/>\n\t<meta name=\"twitter:data2\" content=\"2 minutos\" \/>\n<script type=\"application\/ld+json\" class=\"yoast-schema-graph\">{\"@context\":\"https:\/\/schema.org\",\"@graph\":[{\"@type\":\"Article\",\"@id\":\"https:\/\/afev.cat\/es\/entandem-lleida\/#article\",\"isPartOf\":{\"@id\":\"https:\/\/afev.cat\/es\/entandem-lleida\/\"},\"author\":{\"name\":\"adminTandem\",\"@id\":\"https:\/\/afev.cat\/es\/#\/schema\/person\/2111428ce1954193a11054a1e2b5b0da\"},\"headline\":\"El proyecto enT\u00e0ndem llega a la provincia de Lleida\",\"datePublished\":\"2022-03-24T15:21:39+00:00\",\"dateModified\":\"2022-03-28T10:21:40+00:00\",\"mainEntityOfPage\":{\"@id\":\"https:\/\/afev.cat\/es\/entandem-lleida\/\"},\"wordCount\":344,\"image\":{\"@id\":\"https:\/\/afev.cat\/es\/entandem-lleida\/#primaryimage\"},\"thumbnailUrl\":\"https:\/\/afev.cat\/wp-content\/uploads\/2022\/03\/Claudia-i-Imane-2.jpeg\",\"keywords\":[\"afev\",\"enT\u00e0ndem\"],\"articleSection\":[\"Sab\u00edas que\"],\"inLanguage\":\"es\"},{\"@type\":\"WebPage\",\"@id\":\"https:\/\/afev.cat\/es\/entandem-lleida\/\",\"url\":\"https:\/\/afev.cat\/es\/entandem-lleida\/\",\"name\":\"El proyecto enT\u00e0ndem llega a la provincia de Lleida - AFEV\",\"isPartOf\":{\"@id\":\"https:\/\/afev.cat\/es\/#website\"},\"primaryImageOfPage\":{\"@id\":\"https:\/\/afev.cat\/es\/entandem-lleida\/#primaryimage\"},\"image\":{\"@id\":\"https:\/\/afev.cat\/es\/entandem-lleida\/#primaryimage\"},\"thumbnailUrl\":\"https:\/\/afev.cat\/wp-content\/uploads\/2022\/03\/Claudia-i-Imane-2.jpeg\",\"datePublished\":\"2022-03-24T15:21:39+00:00\",\"dateModified\":\"2022-03-28T10:21:40+00:00\",\"author\":{\"@id\":\"https:\/\/afev.cat\/es\/#\/schema\/person\/2111428ce1954193a11054a1e2b5b0da\"},\"description\":\"El proyecto enT\u00e0ndem se desplegar\u00e1 en Guissona, Cervera y Mollerussa para acompa\u00f1ar ni\u00f1os y adolescentes en situaci\u00f3n vulnerabilidad.\",\"breadcrumb\":{\"@id\":\"https:\/\/afev.cat\/es\/entandem-lleida\/#breadcrumb\"},\"inLanguage\":\"es\",\"potentialAction\":[{\"@type\":\"ReadAction\",\"target\":[\"https:\/\/afev.cat\/es\/entandem-lleida\/\"]}]},{\"@type\":\"ImageObject\",\"inLanguage\":\"es\",\"@id\":\"https:\/\/afev.cat\/es\/entandem-lleida\/#primaryimage\",\"url\":\"https:\/\/afev.cat\/wp-content\/uploads\/2022\/03\/Claudia-i-Imane-2.jpeg\",\"contentUrl\":\"https:\/\/afev.cat\/wp-content\/uploads\/2022\/03\/Claudia-i-Imane-2.jpeg\",\"width\":2000,\"height\":1500},{\"@type\":\"BreadcrumbList\",\"@id\":\"https:\/\/afev.cat\/es\/entandem-lleida\/#breadcrumb\",\"itemListElement\":[{\"@type\":\"ListItem\",\"position\":1,\"name\":\"Inici\",\"item\":\"https:\/\/afev.cat\/es\/\"},{\"@type\":\"ListItem\",\"position\":2,\"name\":\"El proyecto enT\u00e0ndem llega a la provincia de Lleida\"}]},{\"@type\":\"WebSite\",\"@id\":\"https:\/\/afev.cat\/es\/#website\",\"url\":\"https:\/\/afev.cat\/es\/\",\"name\":\"AFEV\",\"description\":\"Voluntariat social entre joves\",\"potentialAction\":[{\"@type\":\"SearchAction\",\"target\":{\"@type\":\"EntryPoint\",\"urlTemplate\":\"https:\/\/afev.cat\/es\/?s={search_term_string}\"},\"query-input\":{\"@type\":\"PropertyValueSpecification\",\"valueRequired\":true,\"valueName\":\"search_term_string\"}}],\"inLanguage\":\"es\"},{\"@type\":\"Person\",\"@id\":\"https:\/\/afev.cat\/es\/#\/schema\/person\/2111428ce1954193a11054a1e2b5b0da\",\"name\":\"adminTandem\",\"url\":\"https:\/\/afev.cat\/es\/author\/admintandem\/\"}]}<\/script>\n<!-- \/ Yoast SEO plugin. -->","yoast_head_json":{"title":"El proyecto enT\u00e0ndem llega a la provincia de Lleida - AFEV","description":"El proyecto enT\u00e0ndem se desplegar\u00e1 en Guissona, Cervera y Mollerussa para acompa\u00f1ar ni\u00f1os y adolescentes en situaci\u00f3n vulnerabilidad.","robots":{"index":"index","follow":"follow","max-snippet":"max-snippet:-1","max-image-preview":"max-image-preview:large","max-video-preview":"max-video-preview:-1"},"canonical":"https:\/\/afev.cat\/es\/entandem-lleida\/","og_locale":"es_ES","og_type":"article","og_title":"El proyecto enT\u00e0ndem llega a la provincia de Lleida - AFEV","og_description":"El proyecto enT\u00e0ndem se desplegar\u00e1 en Guissona, Cervera y Mollerussa para acompa\u00f1ar ni\u00f1os y adolescentes en situaci\u00f3n vulnerabilidad.","og_url":"https:\/\/afev.cat\/es\/entandem-lleida\/","og_site_name":"AFEV","article_publisher":"https:\/\/www.facebook.com\/afevcat","article_published_time":"2022-03-24T15:21:39+00:00","article_modified_time":"2022-03-28T10:21:40+00:00","og_image":[{"width":2000,"height":1500,"url":"https:\/\/afev.cat\/wp-content\/uploads\/2022\/03\/Claudia-i-Imane-2.jpeg","type":"image\/jpeg"}],"author":"adminTandem","twitter_card":"summary_large_image","twitter_creator":"@afevcat","twitter_site":"@afevcat","twitter_misc":{"Escrito por":"adminTandem","Tiempo de lectura":"2 minutos"},"schema":{"@context":"https:\/\/schema.org","@graph":[{"@type":"Article","@id":"https:\/\/afev.cat\/es\/entandem-lleida\/#article","isPartOf":{"@id":"https:\/\/afev.cat\/es\/entandem-lleida\/"},"author":{"name":"adminTandem","@id":"https:\/\/afev.cat\/es\/#\/schema\/person\/2111428ce1954193a11054a1e2b5b0da"},"headline":"El proyecto enT\u00e0ndem llega a la provincia de Lleida","datePublished":"2022-03-24T15:21:39+00:00","dateModified":"2022-03-28T10:21:40+00:00","mainEntityOfPage":{"@id":"https:\/\/afev.cat\/es\/entandem-lleida\/"},"wordCount":344,"image":{"@id":"https:\/\/afev.cat\/es\/entandem-lleida\/#primaryimage"},"thumbnailUrl":"https:\/\/afev.cat\/wp-content\/uploads\/2022\/03\/Claudia-i-Imane-2.jpeg","keywords":["afev","enT\u00e0ndem"],"articleSection":["Sab\u00edas que"],"inLanguage":"es"},{"@type":"WebPage","@id":"https:\/\/afev.cat\/es\/entandem-lleida\/","url":"https:\/\/afev.cat\/es\/entandem-lleida\/","name":"El proyecto enT\u00e0ndem llega a la provincia de Lleida - AFEV","isPartOf":{"@id":"https:\/\/afev.cat\/es\/#website"},"primaryImageOfPage":{"@id":"https:\/\/afev.cat\/es\/entandem-lleida\/#primaryimage"},"image":{"@id":"https:\/\/afev.cat\/es\/entandem-lleida\/#primaryimage"},"thumbnailUrl":"https:\/\/afev.cat\/wp-content\/uploads\/2022\/03\/Claudia-i-Imane-2.jpeg","datePublished":"2022-03-24T15:21:39+00:00","dateModified":"2022-03-28T10:21:40+00:00","author":{"@id":"https:\/\/afev.cat\/es\/#\/schema\/person\/2111428ce1954193a11054a1e2b5b0da"},"description":"El proyecto enT\u00e0ndem se desplegar\u00e1 en Guissona, Cervera y Mollerussa para acompa\u00f1ar ni\u00f1os y adolescentes en situaci\u00f3n vulnerabilidad.","breadcrumb":{"@id":"https:\/\/afev.cat\/es\/entandem-lleida\/#breadcrumb"},"inLanguage":"es","potentialAction":[{"@type":"ReadAction","target":["https:\/\/afev.cat\/es\/entandem-lleida\/"]}]},{"@type":"ImageObject","inLanguage":"es","@id":"https:\/\/afev.cat\/es\/entandem-lleida\/#primaryimage","url":"https:\/\/afev.cat\/wp-content\/uploads\/2022\/03\/Claudia-i-Imane-2.jpeg","contentUrl":"https:\/\/afev.cat\/wp-content\/uploads\/2022\/03\/Claudia-i-Imane-2.jpeg","width":2000,"height":1500},{"@type":"BreadcrumbList","@id":"https:\/\/afev.cat\/es\/entandem-lleida\/#breadcrumb","itemListElement":[{"@type":"ListItem","position":1,"name":"Inici","item":"https:\/\/afev.cat\/es\/"},{"@type":"ListItem","position":2,"name":"El proyecto enT\u00e0ndem llega a la provincia de Lleida"}]},{"@type":"WebSite","@id":"https:\/\/afev.cat\/es\/#website","url":"https:\/\/afev.cat\/es\/","name":"AFEV","description":"Voluntariat social entre joves","potentialAction":[{"@type":"SearchAction","target":{"@type":"EntryPoint","urlTemplate":"https:\/\/afev.cat\/es\/?s={search_term_string}"},"query-input":{"@type":"PropertyValueSpecification","valueRequired":true,"valueName":"search_term_string"}}],"inLanguage":"es"},{"@type":"Person","@id":"https:\/\/afev.cat\/es\/#\/schema\/person\/2111428ce1954193a11054a1e2b5b0da","name":"adminTandem","url":"https:\/\/afev.cat\/es\/author\/admintandem\/"}]}},"_links":{"self":[{"href":"https:\/\/afev.cat\/es\/wp-json\/wp\/v2\/posts\/9503","targetHints":{"allow":["GET"]}}],"collection":[{"href":"https:\/\/afev.cat\/es\/wp-json\/wp\/v2\/posts"}],"about":[{"href":"https:\/\/afev.cat\/es\/wp-json\/wp\/v2\/types\/post"}],"author":[{"embeddable":true,"href":"https:\/\/afev.cat\/es\/wp-json\/wp\/v2\/users\/1"}],"replies":[{"embeddable":true,"href":"https:\/\/afev.cat\/es\/wp-json\/wp\/v2\/comments?post=9503"}],"version-history":[{"count":3,"href":"https:\/\/afev.cat\/es\/wp-json\/wp\/v2\/posts\/9503\/revisions"}],"predecessor-version":[{"id":9508,"href":"https:\/\/afev.cat\/es\/wp-json\/wp\/v2\/posts\/9503\/revisions\/9508"}],"wp:featuredmedia":[{"embeddable":true,"href":"https:\/\/afev.cat\/es\/wp-json\/wp\/v2\/media\/9502"}],"wp:attachment":[{"href":"https:\/\/afev.cat\/es\/wp-json\/wp\/v2\/media?parent=9503"}],"wp:term":[{"taxonomy":"category","embeddable":true,"href":"https:\/\/afev.cat\/es\/wp-json\/wp\/v2\/categories?post=9503"},{"taxonomy":"post_tag","embeddable":true,"href":"https:\/\/afev.cat\/es\/wp-json\/wp\/v2\/tags?post=9503"}],"curies":[{"name":"wp","href":"https:\/\/api.w.org\/{rel}","templated":true}]}}