{"id":9394,"date":"2021-12-13T08:30:00","date_gmt":"2021-12-13T07:30:00","guid":{"rendered":"https:\/\/afev.cat\/?p=9394"},"modified":"2021-12-10T10:29:26","modified_gmt":"2021-12-10T09:29:26","slug":"sello-mc","status":"publish","type":"post","link":"https:\/\/afev.cat\/es\/sello-mc\/","title":{"rendered":"enT\u00e0ndem obtiene el Sello MC de la calidad de la mentor\u00eda social"},"content":{"rendered":"\n<p>El proyecto enT\u00e0ndem de la AFEV ha recibido la acreditaci\u00f3n del <a href=\"https:\/\/www.qualitymentoring.org\/\" target=\"_blank\" rel=\"noreferrer noopener\">Sello MC<\/a>, un sistema de calidad dise\u00f1ado por la <a href=\"https:\/\/www.mentoriasocial.org\/\">Coordinadora de Mentor\u00eda Social<\/a> <strong>para evaluar y mejorar la calidad metodol\u00f3gica<\/strong> de todo tipo de programas de mentor\u00eda social que trabajan con colectivos vulnerables en todo el Estado Espa\u00f1ol. La validez del Sello MC es de 3 a\u00f1os y, en nuestro caso, nos acredita hasta el 2024.<\/p>\n\n\n\n<p>Desde la AFEV hemos realizado una apuesta firme por la mentor\u00eda social de calidad, dado que el proceso de acreditaci\u00f3n nos ha permitido valorar la calidad de la mentor\u00eda desde el punto de vista metodol\u00f3gico. Actualmente hemos podido acreditar el nivel b\u00e1sico pero tambi\u00e9n hay una acreditaci\u00f3n plus con m\u00e1s est\u00e1ndares de calidad que queremos obtener pr\u00f3ximamente despu\u00e9s de un proceso de capacitaci\u00f3n progresivo.<\/p>\n\n\n\n<p>El Sello MC, <a href=\"https:\/\/afev.cat\/es\/colaboramos-en-el-diseno-de-un-sello-para-acreditar-que-hacemos-mentoria-de-calidad\/\" target=\"_blank\" rel=\"noreferrer noopener\">en el que como entidad tambi\u00e9n colaboramos en su dise\u00f1o<\/a>, surge de un trabajo de sistematizaci\u00f3n de <strong>est\u00e1ndares de calidad internacionales validados cient\u00edficamente<\/strong> y de su contraste con proyectos de mentor\u00eda consolidados, para establecer un umbral exigente y, a la vez, adecuado al contexto estatal.<\/p>\n\n\n\n<p>El resultado de este trabajo es una matriz de evaluaci\u00f3n que parte de las fases de un proyecto de mentor\u00eda y que establece <strong>10 requisitos<\/strong> para acreditar la calidad metodol\u00f3gica. La verificaci\u00f3n de este cumplimiento se ha realizado a trav\u00e9s de la revisi\u00f3n documental y de entrevistas con el personal t\u00e9cnico y con personas mentoras y mentoradas participantes en el proyecto.<\/p>\n\n\n\n<p>Desde la AFEV recibimos con orgullo esta acreditaci\u00f3n y damos las gracias al equipo t\u00e9cnico y a todas las personas participantes por haber hecho posible el proyecto enT\u00e0ndem y la obtenci\u00f3n del Sello MC. Agradecemos, tambi\u00e9n, a la Coordinadora de Mentor\u00eda Social su acompa\u00f1amiento durante este proceso, que nos ha permitido seguir mejorando nuestra intervenci\u00f3n.<\/p>\n\n\n\n<p>Recordamos que <strong><a href=\"http:\/\/entandem.cat\">enT\u00e0ndem<\/a> <\/strong>es un proyecto de mentoria social y educativa de la AFEV donde una persona voluntaria hace de referente a un ni\u00f1o o adolescente en situaci\u00f3n de dificultad personal o social; con el objetivo de estimular la autonom\u00eda, la autoestima y la motivaci\u00f3n y el inter\u00e9s para el estudio.<\/p>\n\n\n\n<p>Adem\u00e1s de la AFEV, hay otros proyectos de mentor\u00eda social catalanes y espa\u00f1oles que tambi\u00e9n han recibido recientemente la acreditaci\u00f3n del Sello MC: <a href=\"https:\/\/www.fundacioimpulsa.org\/mentoria\/\" target=\"_blank\" rel=\"noreferrer noopener\">M\u00e8tode Impulsa<\/a>\u00a0(Fundaci\u00f3 Impulsa),\u00a0<a href=\"http:\/\/www.projecterossinyol.org\/\" target=\"_blank\" rel=\"noreferrer noopener\">Rossinyol<\/a>\u00a0(Universitat de Girona),\u00a0<a href=\"https:\/\/quilometrezero.cat\/rossinyol\/\" target=\"_blank\" rel=\"noreferrer noopener\">Rossinyol<\/a>\u00a0(Associaci\u00f3 Quil\u00f2metre Zero),\u00a0<a href=\"https:\/\/fundacion-ilundain.com\/portfolio-item\/caminan2\/\" target=\"_blank\" rel=\"noreferrer noopener\">Caminan2<\/a>\u00a0(Fundaci\u00f3n Ilundain),\u00a0<a href=\"http:\/\/mugak.eu\/menores-jovenes-y-educacion\/ruisenor-urretxindorra-proyecto-de-mentoria\" target=\"_blank\" rel=\"noreferrer noopener\">Urretxindorra<\/a>\u00a0(SOS Arrazakeria Gipuzkoa) y\u00a0<a href=\"https:\/\/www.unavarra.es\/unidadaccionsocial\/programa-incorporate\" target=\"_blank\" rel=\"noreferrer noopener\">Urretxindorra<\/a>\u00a0(Universidad P\u00fablica de Navarra). Mientras que el\u00a0<a href=\"https:\/\/www.puntdereferencia.org\/project\/referents\/\" target=\"_blank\" rel=\"noreferrer noopener\">Projecte Referents<\/a>\u00a0(Punt de Refer\u00e8ncia) y <a href=\"http:\/\/serveisolidari.org\/ca\/quefem\/MENTORIA\/ROSSINYOL\/\" target=\"_blank\" rel=\"noreferrer noopener\">Rossinyol<\/a>\u00a0(Servei Solidari), han obtenido el Sello MC+.<\/p>\n","protected":false},"excerpt":{"rendered":"<p>El proyecto enT\u00e0ndem de la AFEV ha recibido la acreditaci\u00f3n del Sello MC, un sistema de calidad dise\u00f1ado por la Coordinadora de Mentor\u00eda Social para evaluar y mejorar la calidad metodol\u00f3gica de todo tipo de programas de mentor\u00eda social que trabajan con colectivos vulnerables en todo el Estado Espa\u00f1ol. La validez del Sello MC es &hellip;<\/p>\n","protected":false},"author":1,"featured_media":9392,"comment_status":"closed","ping_status":"open","sticky":false,"template":"","format":"standard","meta":{"inline_featured_image":false,"footnotes":""},"categories":[650],"tags":[671],"class_list":["post-9394","post","type-post","status-publish","format-standard","has-post-thumbnail","hentry","category-sabias-que","tag-entandem-es"],"yoast_head":"<!-- This site is optimized with the Yoast SEO plugin v27.0 - https:\/\/yoast.com\/product\/yoast-seo-wordpress\/ -->\n<title>enT\u00e0ndem obtiene el Sello MC de la calidad de la mentor\u00eda social - AFEV<\/title>\n<meta name=\"description\" content=\"El proyecto enT\u00e0ndem de la AFEV ha recibido la acreditaci\u00f3n del Sello MC, un sistema de calidad de la Coordinadora de Mentor\u00eda Social\" \/>\n<meta name=\"robots\" content=\"index, follow, max-snippet:-1, max-image-preview:large, max-video-preview:-1\" \/>\n<link rel=\"canonical\" href=\"https:\/\/afev.cat\/es\/sello-mc\/\" \/>\n<meta property=\"og:locale\" content=\"es_ES\" \/>\n<meta property=\"og:type\" content=\"article\" \/>\n<meta property=\"og:title\" content=\"enT\u00e0ndem obtiene el Sello MC de la calidad de la mentor\u00eda social - AFEV\" \/>\n<meta property=\"og:description\" content=\"El proyecto enT\u00e0ndem de la AFEV ha recibido la acreditaci\u00f3n del Sello MC, un sistema de calidad de la Coordinadora de Mentor\u00eda Social\" \/>\n<meta property=\"og:url\" content=\"https:\/\/afev.cat\/es\/sello-mc\/\" \/>\n<meta property=\"og:site_name\" content=\"AFEV\" \/>\n<meta property=\"article:publisher\" content=\"https:\/\/www.facebook.com\/afevcat\" \/>\n<meta property=\"article:published_time\" content=\"2021-12-13T07:30:00+00:00\" \/>\n<meta property=\"og:image\" content=\"https:\/\/afev.cat\/wp-content\/uploads\/2021\/12\/Imagen-sello-blog-1024x683.png\" \/>\n\t<meta property=\"og:image:width\" content=\"1024\" \/>\n\t<meta property=\"og:image:height\" content=\"683\" \/>\n\t<meta property=\"og:image:type\" content=\"image\/png\" \/>\n<meta name=\"author\" content=\"adminTandem\" \/>\n<meta name=\"twitter:card\" content=\"summary_large_image\" \/>\n<meta name=\"twitter:creator\" content=\"@afevcat\" \/>\n<meta name=\"twitter:site\" content=\"@afevcat\" \/>\n<meta name=\"twitter:label1\" content=\"Escrito por\" \/>\n\t<meta name=\"twitter:data1\" content=\"adminTandem\" \/>\n\t<meta name=\"twitter:label2\" content=\"Tiempo de lectura\" \/>\n\t<meta name=\"twitter:data2\" content=\"2 minutos\" \/>\n<script type=\"application\/ld+json\" class=\"yoast-schema-graph\">{\"@context\":\"https:\/\/schema.org\",\"@graph\":[{\"@type\":\"Article\",\"@id\":\"https:\/\/afev.cat\/es\/sello-mc\/#article\",\"isPartOf\":{\"@id\":\"https:\/\/afev.cat\/es\/sello-mc\/\"},\"author\":{\"name\":\"adminTandem\",\"@id\":\"https:\/\/afev.cat\/es\/#\/schema\/person\/2111428ce1954193a11054a1e2b5b0da\"},\"headline\":\"enT\u00e0ndem obtiene el Sello MC de la calidad de la mentor\u00eda social\",\"datePublished\":\"2021-12-13T07:30:00+00:00\",\"mainEntityOfPage\":{\"@id\":\"https:\/\/afev.cat\/es\/sello-mc\/\"},\"wordCount\":479,\"image\":{\"@id\":\"https:\/\/afev.cat\/es\/sello-mc\/#primaryimage\"},\"thumbnailUrl\":\"https:\/\/afev.cat\/wp-content\/uploads\/2021\/12\/Imagen-sello-blog.png\",\"keywords\":[\"enT\u00e0ndem\"],\"articleSection\":[\"Sab\u00edas que\"],\"inLanguage\":\"es\"},{\"@type\":\"WebPage\",\"@id\":\"https:\/\/afev.cat\/es\/sello-mc\/\",\"url\":\"https:\/\/afev.cat\/es\/sello-mc\/\",\"name\":\"enT\u00e0ndem obtiene el Sello MC de la calidad de la mentor\u00eda social - AFEV\",\"isPartOf\":{\"@id\":\"https:\/\/afev.cat\/es\/#website\"},\"primaryImageOfPage\":{\"@id\":\"https:\/\/afev.cat\/es\/sello-mc\/#primaryimage\"},\"image\":{\"@id\":\"https:\/\/afev.cat\/es\/sello-mc\/#primaryimage\"},\"thumbnailUrl\":\"https:\/\/afev.cat\/wp-content\/uploads\/2021\/12\/Imagen-sello-blog.png\",\"datePublished\":\"2021-12-13T07:30:00+00:00\",\"author\":{\"@id\":\"https:\/\/afev.cat\/es\/#\/schema\/person\/2111428ce1954193a11054a1e2b5b0da\"},\"description\":\"El proyecto enT\u00e0ndem de la AFEV ha recibido la acreditaci\u00f3n del Sello MC, un sistema de calidad de la Coordinadora de Mentor\u00eda Social\",\"breadcrumb\":{\"@id\":\"https:\/\/afev.cat\/es\/sello-mc\/#breadcrumb\"},\"inLanguage\":\"es\",\"potentialAction\":[{\"@type\":\"ReadAction\",\"target\":[\"https:\/\/afev.cat\/es\/sello-mc\/\"]}]},{\"@type\":\"ImageObject\",\"inLanguage\":\"es\",\"@id\":\"https:\/\/afev.cat\/es\/sello-mc\/#primaryimage\",\"url\":\"https:\/\/afev.cat\/wp-content\/uploads\/2021\/12\/Imagen-sello-blog.png\",\"contentUrl\":\"https:\/\/afev.cat\/wp-content\/uploads\/2021\/12\/Imagen-sello-blog.png\",\"width\":5184,\"height\":3456,\"caption\":\"segell mc\"},{\"@type\":\"BreadcrumbList\",\"@id\":\"https:\/\/afev.cat\/es\/sello-mc\/#breadcrumb\",\"itemListElement\":[{\"@type\":\"ListItem\",\"position\":1,\"name\":\"Inici\",\"item\":\"https:\/\/afev.cat\/es\/\"},{\"@type\":\"ListItem\",\"position\":2,\"name\":\"enT\u00e0ndem obtiene el Sello MC de la calidad de la mentor\u00eda social\"}]},{\"@type\":\"WebSite\",\"@id\":\"https:\/\/afev.cat\/es\/#website\",\"url\":\"https:\/\/afev.cat\/es\/\",\"name\":\"AFEV\",\"description\":\"Voluntariat social entre joves\",\"potentialAction\":[{\"@type\":\"SearchAction\",\"target\":{\"@type\":\"EntryPoint\",\"urlTemplate\":\"https:\/\/afev.cat\/es\/?s={search_term_string}\"},\"query-input\":{\"@type\":\"PropertyValueSpecification\",\"valueRequired\":true,\"valueName\":\"search_term_string\"}}],\"inLanguage\":\"es\"},{\"@type\":\"Person\",\"@id\":\"https:\/\/afev.cat\/es\/#\/schema\/person\/2111428ce1954193a11054a1e2b5b0da\",\"name\":\"adminTandem\",\"url\":\"https:\/\/afev.cat\/es\/author\/admintandem\/\"}]}<\/script>\n<!-- \/ Yoast SEO plugin. -->","yoast_head_json":{"title":"enT\u00e0ndem obtiene el Sello MC de la calidad de la mentor\u00eda social - AFEV","description":"El proyecto enT\u00e0ndem de la AFEV ha recibido la acreditaci\u00f3n del Sello MC, un sistema de calidad de la Coordinadora de Mentor\u00eda Social","robots":{"index":"index","follow":"follow","max-snippet":"max-snippet:-1","max-image-preview":"max-image-preview:large","max-video-preview":"max-video-preview:-1"},"canonical":"https:\/\/afev.cat\/es\/sello-mc\/","og_locale":"es_ES","og_type":"article","og_title":"enT\u00e0ndem obtiene el Sello MC de la calidad de la mentor\u00eda social - AFEV","og_description":"El proyecto enT\u00e0ndem de la AFEV ha recibido la acreditaci\u00f3n del Sello MC, un sistema de calidad de la Coordinadora de Mentor\u00eda Social","og_url":"https:\/\/afev.cat\/es\/sello-mc\/","og_site_name":"AFEV","article_publisher":"https:\/\/www.facebook.com\/afevcat","article_published_time":"2021-12-13T07:30:00+00:00","og_image":[{"width":1024,"height":683,"url":"https:\/\/afev.cat\/wp-content\/uploads\/2021\/12\/Imagen-sello-blog-1024x683.png","type":"image\/png"}],"author":"adminTandem","twitter_card":"summary_large_image","twitter_creator":"@afevcat","twitter_site":"@afevcat","twitter_misc":{"Escrito por":"adminTandem","Tiempo de lectura":"2 minutos"},"schema":{"@context":"https:\/\/schema.org","@graph":[{"@type":"Article","@id":"https:\/\/afev.cat\/es\/sello-mc\/#article","isPartOf":{"@id":"https:\/\/afev.cat\/es\/sello-mc\/"},"author":{"name":"adminTandem","@id":"https:\/\/afev.cat\/es\/#\/schema\/person\/2111428ce1954193a11054a1e2b5b0da"},"headline":"enT\u00e0ndem obtiene el Sello MC de la calidad de la mentor\u00eda social","datePublished":"2021-12-13T07:30:00+00:00","mainEntityOfPage":{"@id":"https:\/\/afev.cat\/es\/sello-mc\/"},"wordCount":479,"image":{"@id":"https:\/\/afev.cat\/es\/sello-mc\/#primaryimage"},"thumbnailUrl":"https:\/\/afev.cat\/wp-content\/uploads\/2021\/12\/Imagen-sello-blog.png","keywords":["enT\u00e0ndem"],"articleSection":["Sab\u00edas que"],"inLanguage":"es"},{"@type":"WebPage","@id":"https:\/\/afev.cat\/es\/sello-mc\/","url":"https:\/\/afev.cat\/es\/sello-mc\/","name":"enT\u00e0ndem obtiene el Sello MC de la calidad de la mentor\u00eda social - AFEV","isPartOf":{"@id":"https:\/\/afev.cat\/es\/#website"},"primaryImageOfPage":{"@id":"https:\/\/afev.cat\/es\/sello-mc\/#primaryimage"},"image":{"@id":"https:\/\/afev.cat\/es\/sello-mc\/#primaryimage"},"thumbnailUrl":"https:\/\/afev.cat\/wp-content\/uploads\/2021\/12\/Imagen-sello-blog.png","datePublished":"2021-12-13T07:30:00+00:00","author":{"@id":"https:\/\/afev.cat\/es\/#\/schema\/person\/2111428ce1954193a11054a1e2b5b0da"},"description":"El proyecto enT\u00e0ndem de la AFEV ha recibido la acreditaci\u00f3n del Sello MC, un sistema de calidad de la Coordinadora de Mentor\u00eda Social","breadcrumb":{"@id":"https:\/\/afev.cat\/es\/sello-mc\/#breadcrumb"},"inLanguage":"es","potentialAction":[{"@type":"ReadAction","target":["https:\/\/afev.cat\/es\/sello-mc\/"]}]},{"@type":"ImageObject","inLanguage":"es","@id":"https:\/\/afev.cat\/es\/sello-mc\/#primaryimage","url":"https:\/\/afev.cat\/wp-content\/uploads\/2021\/12\/Imagen-sello-blog.png","contentUrl":"https:\/\/afev.cat\/wp-content\/uploads\/2021\/12\/Imagen-sello-blog.png","width":5184,"height":3456,"caption":"segell mc"},{"@type":"BreadcrumbList","@id":"https:\/\/afev.cat\/es\/sello-mc\/#breadcrumb","itemListElement":[{"@type":"ListItem","position":1,"name":"Inici","item":"https:\/\/afev.cat\/es\/"},{"@type":"ListItem","position":2,"name":"enT\u00e0ndem obtiene el Sello MC de la calidad de la mentor\u00eda social"}]},{"@type":"WebSite","@id":"https:\/\/afev.cat\/es\/#website","url":"https:\/\/afev.cat\/es\/","name":"AFEV","description":"Voluntariat social entre joves","potentialAction":[{"@type":"SearchAction","target":{"@type":"EntryPoint","urlTemplate":"https:\/\/afev.cat\/es\/?s={search_term_string}"},"query-input":{"@type":"PropertyValueSpecification","valueRequired":true,"valueName":"search_term_string"}}],"inLanguage":"es"},{"@type":"Person","@id":"https:\/\/afev.cat\/es\/#\/schema\/person\/2111428ce1954193a11054a1e2b5b0da","name":"adminTandem","url":"https:\/\/afev.cat\/es\/author\/admintandem\/"}]}},"_links":{"self":[{"href":"https:\/\/afev.cat\/es\/wp-json\/wp\/v2\/posts\/9394","targetHints":{"allow":["GET"]}}],"collection":[{"href":"https:\/\/afev.cat\/es\/wp-json\/wp\/v2\/posts"}],"about":[{"href":"https:\/\/afev.cat\/es\/wp-json\/wp\/v2\/types\/post"}],"author":[{"embeddable":true,"href":"https:\/\/afev.cat\/es\/wp-json\/wp\/v2\/users\/1"}],"replies":[{"embeddable":true,"href":"https:\/\/afev.cat\/es\/wp-json\/wp\/v2\/comments?post=9394"}],"version-history":[{"count":8,"href":"https:\/\/afev.cat\/es\/wp-json\/wp\/v2\/posts\/9394\/revisions"}],"predecessor-version":[{"id":9417,"href":"https:\/\/afev.cat\/es\/wp-json\/wp\/v2\/posts\/9394\/revisions\/9417"}],"wp:featuredmedia":[{"embeddable":true,"href":"https:\/\/afev.cat\/es\/wp-json\/wp\/v2\/media\/9392"}],"wp:attachment":[{"href":"https:\/\/afev.cat\/es\/wp-json\/wp\/v2\/media?parent=9394"}],"wp:term":[{"taxonomy":"category","embeddable":true,"href":"https:\/\/afev.cat\/es\/wp-json\/wp\/v2\/categories?post=9394"},{"taxonomy":"post_tag","embeddable":true,"href":"https:\/\/afev.cat\/es\/wp-json\/wp\/v2\/tags?post=9394"}],"curies":[{"name":"wp","href":"https:\/\/api.w.org\/{rel}","templated":true}]}}