{"id":9370,"date":"2021-12-01T11:24:44","date_gmt":"2021-12-01T10:24:44","guid":{"rendered":"https:\/\/afev.cat\/?p=9370"},"modified":"2021-12-03T11:36:28","modified_gmt":"2021-12-03T10:36:28","slug":"afev-gana-tercer-premio-al-voluntariado","status":"publish","type":"post","link":"https:\/\/afev.cat\/es\/afev-gana-tercer-premio-al-voluntariado\/","title":{"rendered":"La AFEV gana el 3er Premio al Voluntariado 2021"},"content":{"rendered":"\n<p>El pasado martes 30 de noviembre nos&nbsp;hicieron entrega del&nbsp;<strong>3er premio del XXVIII Premio Voluntariado de 2021<\/strong>&nbsp;durante la ceremonia celebrada en el&nbsp;Sal\u00f3n Sant Jordi del <strong>Palau de la Generalitat<\/strong>.<\/p>\n\n\n\n<p>Finalmente, el jurado ha escogido nuestra candidatura <strong>\u00abEl compromiso del voluntariado joven en tiempos convulsos: Digitalizaci\u00f3n y adaptaci\u00f3n del ciclo de voluntariado en los proyectos de mentoria del AFEV\u00bb<\/strong> como una de las tres galardonadas en la XXVIII edici\u00f3n del Premio Voluntariado.<\/p>\n\n\n\n<p>La convocatoria de este a\u00f1o premiaba los proyectos que han promovido <strong>las mejores estrategias de adaptaci\u00f3n de los programas de voluntariado al nuevo contexto<\/strong> y a las nuevas necesidades sociales emergentes.<\/p>\n\n\n\n<figure class=\"wp-block-image size-large\"><img loading=\"lazy\" decoding=\"async\" width=\"1024\" height=\"791\" src=\"https:\/\/afev.cat\/wp-content\/uploads\/2021\/12\/IMG-20211130-WA0022-1024x791.jpg\" alt=\"\" class=\"wp-image-9366\" srcset=\"https:\/\/afev.cat\/wp-content\/uploads\/2021\/12\/IMG-20211130-WA0022-1024x791.jpg 1024w, https:\/\/afev.cat\/wp-content\/uploads\/2021\/12\/IMG-20211130-WA0022-300x232.jpg 300w, https:\/\/afev.cat\/wp-content\/uploads\/2021\/12\/IMG-20211130-WA0022-768x593.jpg 768w, https:\/\/afev.cat\/wp-content\/uploads\/2021\/12\/IMG-20211130-WA0022.jpg 1374w\" sizes=\"auto, (max-width: 1024px) 100vw, 1024px\" \/><figcaption><em><em>La Delegada de Acciones Educativas, Laura Card\u00fas, recibe el 3er Premio al Voluntariado 2021 de las manos del Presidente de la Generalitat, Pere Aragon\u00e9s, y la Consejera de Derechos Sociales, Violant Cervera.<\/em> <\/em><\/figcaption><\/figure>\n\n\n\n<p>As\u00ed pues, nuestro proyecto describ\u00eda c\u00f3mo se foment\u00f3 durante el curso pasado y en contexto de pandemia&nbsp;la implicaci\u00f3n <strong>social de j\u00f3venes de cariz diverso, mediante la adaptaci\u00f3n y digitalizaci\u00f3n de las estrategias y recursos de la entidad<\/strong> para sensibilizar, captar voluntariado, formar, hacer seguimiento y proporcionar espacios de participaci\u00f3n a las personas ya implicadas.<\/p>\n\n\n\n<p>Tambi\u00e9n aprovechamos la oportunidad para recordar y celebrar que hace cuatro a\u00f1os ganamos el <strong>primer premio de este mismo certamen<strong> <\/strong><\/strong>por nuestro proyecto de voluntariado \u201c\u00bfTienes ganas de ser \u00fatil?\u201d<strong><strong>.<\/strong><\/strong><\/p>\n\n\n\n<p>Desde la AFEV queremos <strong>agradecer a nuestro equipo<\/strong> (t\u00e9cnicas, equipo del Servicio C\u00edvico, colaboradores\/as, etc.) todo el esfuerzo y el apoyo proporcionado en tiempos de pandemia, especialmente a todas las personas voluntarias que suman para construir un mundo m\u00e1s justo.<\/p>\n\n\n\n<p>Coincidiendo con el <strong>D\u00eda Internacional del Voluntariado<\/strong> que se celebra el domingo 5 de diciembre, desde la AFEV iniciamos la campa\u00f1a <strong>#JoSumo<\/strong>, con la que queremos animar en todo el voluntariado a compartir fotos o v\u00eddeos de su experiencia bajo este hashtag.<\/p>\n\n\n\n<p>Por \u00faltimo, tambi\u00e9n nos gustar\u00eda felicitar a las otras entidades ganadoras: AIS \u2013 Ayuda a la Infancia Sin Recursos y a la Fundaci\u00f3n Privada para la Promoci\u00f3n del Autoempleo de Catalu\u00f1a.<\/p>\n\n\n\n<p>El acto fue retransmitido por los medios oficiales de la Generalitat de Catalu\u00f1a y se puede ver a trav\u00e9s <a href=\"https:\/\/www.youtube.com\/watch?v=RYuOjg7htvs&amp;ab_channel=CatalanGovernment\">de este enlace<\/a>.<\/p>\n","protected":false},"excerpt":{"rendered":"<p>El pasado martes 30 de noviembre nos&nbsp;hicieron entrega del&nbsp;3er premio del XXVIII Premio Voluntariado de 2021&nbsp;durante la ceremonia celebrada en el&nbsp;Sal\u00f3n Sant Jordi del Palau de la Generalitat. Finalmente, el jurado ha escogido nuestra candidatura \u00abEl compromiso del voluntariado joven en tiempos convulsos: Digitalizaci\u00f3n y adaptaci\u00f3n del ciclo de voluntariado en los proyectos de mentoria &hellip;<\/p>\n","protected":false},"author":1,"featured_media":9365,"comment_status":"closed","ping_status":"open","sticky":false,"template":"","format":"standard","meta":{"inline_featured_image":false,"footnotes":""},"categories":[650],"tags":[],"class_list":["post-9370","post","type-post","status-publish","format-standard","has-post-thumbnail","hentry","category-sabias-que"],"yoast_head":"<!-- This site is optimized with the Yoast SEO plugin v27.0 - https:\/\/yoast.com\/product\/yoast-seo-wordpress\/ -->\n<title>La AFEV gana el 3er Premio al Voluntariado 2021 - AFEV<\/title>\n<meta name=\"description\" content=\"El pasado martes nos\u00a0hicieron entrega del\u00a03er premio del Premio Voluntariado de 2021 en el\u00a0Sal\u00f3n Sant Jordi del Palau de la Generalitat.\" \/>\n<meta name=\"robots\" content=\"index, follow, max-snippet:-1, max-image-preview:large, max-video-preview:-1\" \/>\n<link rel=\"canonical\" href=\"https:\/\/afev.cat\/es\/afev-gana-tercer-premio-al-voluntariado\/\" \/>\n<meta property=\"og:locale\" content=\"es_ES\" \/>\n<meta property=\"og:type\" content=\"article\" \/>\n<meta property=\"og:title\" content=\"La AFEV gana el 3er Premio al Voluntariado 2021 - AFEV\" \/>\n<meta property=\"og:description\" content=\"El pasado martes nos\u00a0hicieron entrega del\u00a03er premio del Premio Voluntariado de 2021 en el\u00a0Sal\u00f3n Sant Jordi del Palau de la Generalitat.\" \/>\n<meta property=\"og:url\" content=\"https:\/\/afev.cat\/es\/afev-gana-tercer-premio-al-voluntariado\/\" \/>\n<meta property=\"og:site_name\" content=\"AFEV\" \/>\n<meta property=\"article:publisher\" content=\"https:\/\/www.facebook.com\/afevcat\" \/>\n<meta property=\"article:published_time\" content=\"2021-12-01T10:24:44+00:00\" \/>\n<meta property=\"article:modified_time\" content=\"2021-12-03T10:36:28+00:00\" \/>\n<meta property=\"og:image\" content=\"https:\/\/afev.cat\/wp-content\/uploads\/2021\/12\/IMG-20211130-WA0027.jpg\" \/>\n\t<meta property=\"og:image:width\" content=\"1328\" \/>\n\t<meta property=\"og:image:height\" content=\"747\" \/>\n\t<meta property=\"og:image:type\" content=\"image\/jpeg\" \/>\n<meta name=\"author\" content=\"adminTandem\" \/>\n<meta name=\"twitter:card\" content=\"summary_large_image\" \/>\n<meta name=\"twitter:creator\" content=\"@afevcat\" \/>\n<meta name=\"twitter:site\" content=\"@afevcat\" \/>\n<meta name=\"twitter:label1\" content=\"Escrito por\" \/>\n\t<meta name=\"twitter:data1\" content=\"adminTandem\" \/>\n\t<meta name=\"twitter:label2\" content=\"Tiempo de lectura\" \/>\n\t<meta name=\"twitter:data2\" content=\"2 minutos\" \/>\n<script type=\"application\/ld+json\" class=\"yoast-schema-graph\">{\"@context\":\"https:\/\/schema.org\",\"@graph\":[{\"@type\":\"Article\",\"@id\":\"https:\/\/afev.cat\/es\/afev-gana-tercer-premio-al-voluntariado\/#article\",\"isPartOf\":{\"@id\":\"https:\/\/afev.cat\/es\/afev-gana-tercer-premio-al-voluntariado\/\"},\"author\":{\"name\":\"adminTandem\",\"@id\":\"https:\/\/afev.cat\/es\/#\/schema\/person\/2111428ce1954193a11054a1e2b5b0da\"},\"headline\":\"La AFEV gana el 3er Premio al Voluntariado 2021\",\"datePublished\":\"2021-12-01T10:24:44+00:00\",\"dateModified\":\"2021-12-03T10:36:28+00:00\",\"mainEntityOfPage\":{\"@id\":\"https:\/\/afev.cat\/es\/afev-gana-tercer-premio-al-voluntariado\/\"},\"wordCount\":396,\"image\":{\"@id\":\"https:\/\/afev.cat\/es\/afev-gana-tercer-premio-al-voluntariado\/#primaryimage\"},\"thumbnailUrl\":\"https:\/\/afev.cat\/wp-content\/uploads\/2021\/12\/IMG-20211130-WA0027.jpg\",\"articleSection\":[\"Sab\u00edas que\"],\"inLanguage\":\"es\"},{\"@type\":\"WebPage\",\"@id\":\"https:\/\/afev.cat\/es\/afev-gana-tercer-premio-al-voluntariado\/\",\"url\":\"https:\/\/afev.cat\/es\/afev-gana-tercer-premio-al-voluntariado\/\",\"name\":\"La AFEV gana el 3er Premio al Voluntariado 2021 - AFEV\",\"isPartOf\":{\"@id\":\"https:\/\/afev.cat\/es\/#website\"},\"primaryImageOfPage\":{\"@id\":\"https:\/\/afev.cat\/es\/afev-gana-tercer-premio-al-voluntariado\/#primaryimage\"},\"image\":{\"@id\":\"https:\/\/afev.cat\/es\/afev-gana-tercer-premio-al-voluntariado\/#primaryimage\"},\"thumbnailUrl\":\"https:\/\/afev.cat\/wp-content\/uploads\/2021\/12\/IMG-20211130-WA0027.jpg\",\"datePublished\":\"2021-12-01T10:24:44+00:00\",\"dateModified\":\"2021-12-03T10:36:28+00:00\",\"author\":{\"@id\":\"https:\/\/afev.cat\/es\/#\/schema\/person\/2111428ce1954193a11054a1e2b5b0da\"},\"description\":\"El pasado martes nos\u00a0hicieron entrega del\u00a03er premio del Premio Voluntariado de 2021 en el\u00a0Sal\u00f3n Sant Jordi del Palau de la Generalitat.\",\"breadcrumb\":{\"@id\":\"https:\/\/afev.cat\/es\/afev-gana-tercer-premio-al-voluntariado\/#breadcrumb\"},\"inLanguage\":\"es\",\"potentialAction\":[{\"@type\":\"ReadAction\",\"target\":[\"https:\/\/afev.cat\/es\/afev-gana-tercer-premio-al-voluntariado\/\"]}]},{\"@type\":\"ImageObject\",\"inLanguage\":\"es\",\"@id\":\"https:\/\/afev.cat\/es\/afev-gana-tercer-premio-al-voluntariado\/#primaryimage\",\"url\":\"https:\/\/afev.cat\/wp-content\/uploads\/2021\/12\/IMG-20211130-WA0027.jpg\",\"contentUrl\":\"https:\/\/afev.cat\/wp-content\/uploads\/2021\/12\/IMG-20211130-WA0027.jpg\",\"width\":1328,\"height\":747},{\"@type\":\"BreadcrumbList\",\"@id\":\"https:\/\/afev.cat\/es\/afev-gana-tercer-premio-al-voluntariado\/#breadcrumb\",\"itemListElement\":[{\"@type\":\"ListItem\",\"position\":1,\"name\":\"Inici\",\"item\":\"https:\/\/afev.cat\/es\/\"},{\"@type\":\"ListItem\",\"position\":2,\"name\":\"La AFEV gana el 3er Premio al Voluntariado 2021\"}]},{\"@type\":\"WebSite\",\"@id\":\"https:\/\/afev.cat\/es\/#website\",\"url\":\"https:\/\/afev.cat\/es\/\",\"name\":\"AFEV\",\"description\":\"Voluntariat social entre joves\",\"potentialAction\":[{\"@type\":\"SearchAction\",\"target\":{\"@type\":\"EntryPoint\",\"urlTemplate\":\"https:\/\/afev.cat\/es\/?s={search_term_string}\"},\"query-input\":{\"@type\":\"PropertyValueSpecification\",\"valueRequired\":true,\"valueName\":\"search_term_string\"}}],\"inLanguage\":\"es\"},{\"@type\":\"Person\",\"@id\":\"https:\/\/afev.cat\/es\/#\/schema\/person\/2111428ce1954193a11054a1e2b5b0da\",\"name\":\"adminTandem\",\"url\":\"https:\/\/afev.cat\/es\/author\/admintandem\/\"}]}<\/script>\n<!-- \/ Yoast SEO plugin. -->","yoast_head_json":{"title":"La AFEV gana el 3er Premio al Voluntariado 2021 - AFEV","description":"El pasado martes nos\u00a0hicieron entrega del\u00a03er premio del Premio Voluntariado de 2021 en el\u00a0Sal\u00f3n Sant Jordi del Palau de la Generalitat.","robots":{"index":"index","follow":"follow","max-snippet":"max-snippet:-1","max-image-preview":"max-image-preview:large","max-video-preview":"max-video-preview:-1"},"canonical":"https:\/\/afev.cat\/es\/afev-gana-tercer-premio-al-voluntariado\/","og_locale":"es_ES","og_type":"article","og_title":"La AFEV gana el 3er Premio al Voluntariado 2021 - AFEV","og_description":"El pasado martes nos\u00a0hicieron entrega del\u00a03er premio del Premio Voluntariado de 2021 en el\u00a0Sal\u00f3n Sant Jordi del Palau de la Generalitat.","og_url":"https:\/\/afev.cat\/es\/afev-gana-tercer-premio-al-voluntariado\/","og_site_name":"AFEV","article_publisher":"https:\/\/www.facebook.com\/afevcat","article_published_time":"2021-12-01T10:24:44+00:00","article_modified_time":"2021-12-03T10:36:28+00:00","og_image":[{"width":1328,"height":747,"url":"https:\/\/afev.cat\/wp-content\/uploads\/2021\/12\/IMG-20211130-WA0027.jpg","type":"image\/jpeg"}],"author":"adminTandem","twitter_card":"summary_large_image","twitter_creator":"@afevcat","twitter_site":"@afevcat","twitter_misc":{"Escrito por":"adminTandem","Tiempo de lectura":"2 minutos"},"schema":{"@context":"https:\/\/schema.org","@graph":[{"@type":"Article","@id":"https:\/\/afev.cat\/es\/afev-gana-tercer-premio-al-voluntariado\/#article","isPartOf":{"@id":"https:\/\/afev.cat\/es\/afev-gana-tercer-premio-al-voluntariado\/"},"author":{"name":"adminTandem","@id":"https:\/\/afev.cat\/es\/#\/schema\/person\/2111428ce1954193a11054a1e2b5b0da"},"headline":"La AFEV gana el 3er Premio al Voluntariado 2021","datePublished":"2021-12-01T10:24:44+00:00","dateModified":"2021-12-03T10:36:28+00:00","mainEntityOfPage":{"@id":"https:\/\/afev.cat\/es\/afev-gana-tercer-premio-al-voluntariado\/"},"wordCount":396,"image":{"@id":"https:\/\/afev.cat\/es\/afev-gana-tercer-premio-al-voluntariado\/#primaryimage"},"thumbnailUrl":"https:\/\/afev.cat\/wp-content\/uploads\/2021\/12\/IMG-20211130-WA0027.jpg","articleSection":["Sab\u00edas que"],"inLanguage":"es"},{"@type":"WebPage","@id":"https:\/\/afev.cat\/es\/afev-gana-tercer-premio-al-voluntariado\/","url":"https:\/\/afev.cat\/es\/afev-gana-tercer-premio-al-voluntariado\/","name":"La AFEV gana el 3er Premio al Voluntariado 2021 - AFEV","isPartOf":{"@id":"https:\/\/afev.cat\/es\/#website"},"primaryImageOfPage":{"@id":"https:\/\/afev.cat\/es\/afev-gana-tercer-premio-al-voluntariado\/#primaryimage"},"image":{"@id":"https:\/\/afev.cat\/es\/afev-gana-tercer-premio-al-voluntariado\/#primaryimage"},"thumbnailUrl":"https:\/\/afev.cat\/wp-content\/uploads\/2021\/12\/IMG-20211130-WA0027.jpg","datePublished":"2021-12-01T10:24:44+00:00","dateModified":"2021-12-03T10:36:28+00:00","author":{"@id":"https:\/\/afev.cat\/es\/#\/schema\/person\/2111428ce1954193a11054a1e2b5b0da"},"description":"El pasado martes nos\u00a0hicieron entrega del\u00a03er premio del Premio Voluntariado de 2021 en el\u00a0Sal\u00f3n Sant Jordi del Palau de la Generalitat.","breadcrumb":{"@id":"https:\/\/afev.cat\/es\/afev-gana-tercer-premio-al-voluntariado\/#breadcrumb"},"inLanguage":"es","potentialAction":[{"@type":"ReadAction","target":["https:\/\/afev.cat\/es\/afev-gana-tercer-premio-al-voluntariado\/"]}]},{"@type":"ImageObject","inLanguage":"es","@id":"https:\/\/afev.cat\/es\/afev-gana-tercer-premio-al-voluntariado\/#primaryimage","url":"https:\/\/afev.cat\/wp-content\/uploads\/2021\/12\/IMG-20211130-WA0027.jpg","contentUrl":"https:\/\/afev.cat\/wp-content\/uploads\/2021\/12\/IMG-20211130-WA0027.jpg","width":1328,"height":747},{"@type":"BreadcrumbList","@id":"https:\/\/afev.cat\/es\/afev-gana-tercer-premio-al-voluntariado\/#breadcrumb","itemListElement":[{"@type":"ListItem","position":1,"name":"Inici","item":"https:\/\/afev.cat\/es\/"},{"@type":"ListItem","position":2,"name":"La AFEV gana el 3er Premio al Voluntariado 2021"}]},{"@type":"WebSite","@id":"https:\/\/afev.cat\/es\/#website","url":"https:\/\/afev.cat\/es\/","name":"AFEV","description":"Voluntariat social entre joves","potentialAction":[{"@type":"SearchAction","target":{"@type":"EntryPoint","urlTemplate":"https:\/\/afev.cat\/es\/?s={search_term_string}"},"query-input":{"@type":"PropertyValueSpecification","valueRequired":true,"valueName":"search_term_string"}}],"inLanguage":"es"},{"@type":"Person","@id":"https:\/\/afev.cat\/es\/#\/schema\/person\/2111428ce1954193a11054a1e2b5b0da","name":"adminTandem","url":"https:\/\/afev.cat\/es\/author\/admintandem\/"}]}},"_links":{"self":[{"href":"https:\/\/afev.cat\/es\/wp-json\/wp\/v2\/posts\/9370","targetHints":{"allow":["GET"]}}],"collection":[{"href":"https:\/\/afev.cat\/es\/wp-json\/wp\/v2\/posts"}],"about":[{"href":"https:\/\/afev.cat\/es\/wp-json\/wp\/v2\/types\/post"}],"author":[{"embeddable":true,"href":"https:\/\/afev.cat\/es\/wp-json\/wp\/v2\/users\/1"}],"replies":[{"embeddable":true,"href":"https:\/\/afev.cat\/es\/wp-json\/wp\/v2\/comments?post=9370"}],"version-history":[{"count":7,"href":"https:\/\/afev.cat\/es\/wp-json\/wp\/v2\/posts\/9370\/revisions"}],"predecessor-version":[{"id":9388,"href":"https:\/\/afev.cat\/es\/wp-json\/wp\/v2\/posts\/9370\/revisions\/9388"}],"wp:featuredmedia":[{"embeddable":true,"href":"https:\/\/afev.cat\/es\/wp-json\/wp\/v2\/media\/9365"}],"wp:attachment":[{"href":"https:\/\/afev.cat\/es\/wp-json\/wp\/v2\/media?parent=9370"}],"wp:term":[{"taxonomy":"category","embeddable":true,"href":"https:\/\/afev.cat\/es\/wp-json\/wp\/v2\/categories?post=9370"},{"taxonomy":"post_tag","embeddable":true,"href":"https:\/\/afev.cat\/es\/wp-json\/wp\/v2\/tags?post=9370"}],"curies":[{"name":"wp","href":"https:\/\/api.w.org\/{rel}","templated":true}]}}