{"id":9353,"date":"2021-11-22T15:28:27","date_gmt":"2021-11-22T14:28:27","guid":{"rendered":"https:\/\/afev.cat\/?p=9353"},"modified":"2021-11-22T15:50:01","modified_gmt":"2021-11-22T14:50:01","slug":"la-primera-promocio-de-joves-prometeus-es-gradua-a-la-universitat","status":"publish","type":"post","link":"https:\/\/afev.cat\/es\/la-primera-promocio-de-joves-prometeus-es-gradua-a-la-universitat\/","title":{"rendered":"La primera promoci\u00f3n de j\u00f3venes Prometeus se grad\u00faa en la Universidad"},"content":{"rendered":"\n<h4 class=\"wp-block-heading\">Los primeros quince j\u00f3venes del programa Prometeus en el Raval fueron homenajeados en el acto de graduaci\u00f3n llevado a cabo en el Sal\u00f3 de Cent del Ajuntament de Barcelona el pasado 8 de noviembre.<\/h4>\n\n\n\n<p><a href=\"https:\/\/afev.cat\/es\/proyectos\/prometeus\/\" target=\"_blank\" aria-label=\"undefined (abre en una nueva pesta\u00f1a)\" rel=\"noreferrer noopener\">Prometeus <\/a>naci\u00f3 el 2016 en el Raval como un programa comunitario que vela para que el conjunto de j\u00f3venes de los institutos p\u00fablicos de los barrios con un \u00edndice de universitarios inferior a la media de la ciudad de Barcelona pueda acceder a la instituci\u00f3n acad\u00e9mica y cursar estudios superiores con \u00e9xito, independientemente de los condicionantes econ\u00f3micos y sociales.<\/p>\n\n\n\n<p>Esta misi\u00f3n ha sido conseguida con \u00e9xito por <strong>los primeros 15 j\u00f3venes participantes<\/strong> que, gracias a su esfuerzo y con las herramientas proporcionadas por las diferentes entidades e instituciones que colaboran, <strong>han conseguido graduarse en sus respectivos estudios universitarios.<\/strong><\/p>\n\n\n\n<p>El acto de graduaci\u00f3n tuvo lugar el pasado 8 de noviembre en el Sal\u00f3 de Cent y estuvo presidido por la alcaldesa de Barcelona, Ada Colau. En esta emotiva ceremonia, donde la AFEV estuvo presente, la <strong>Chaima El Machriqy<\/strong> hizo de portavoz de los estudiantes y destac\u00f3 que los j\u00f3venes Prometeus \u00abhemos roto [las barreras] dentro y fuera de casa, tanto con nuestra familia, como la escala social\u00bb.<\/p>\n\n\n\n<figure class=\"wp-block-image size-large\"><img loading=\"lazy\" decoding=\"async\" width=\"1024\" height=\"683\" src=\"https:\/\/afev.cat\/wp-content\/uploads\/2021\/11\/20211108_projecteprometeus_54_51665993454_o-1024x683.jpg\" alt=\"\" class=\"wp-image-9341\" srcset=\"https:\/\/afev.cat\/wp-content\/uploads\/2021\/11\/20211108_projecteprometeus_54_51665993454_o-1024x683.jpg 1024w, https:\/\/afev.cat\/wp-content\/uploads\/2021\/11\/20211108_projecteprometeus_54_51665993454_o-300x200.jpg 300w, https:\/\/afev.cat\/wp-content\/uploads\/2021\/11\/20211108_projecteprometeus_54_51665993454_o-768x512.jpg 768w, https:\/\/afev.cat\/wp-content\/uploads\/2021\/11\/20211108_projecteprometeus_54_51665993454_o-1536x1024.jpg 1536w, https:\/\/afev.cat\/wp-content\/uploads\/2021\/11\/20211108_projecteprometeus_54_51665993454_o-2048x1365.jpg 2048w, https:\/\/afev.cat\/wp-content\/uploads\/2021\/11\/20211108_projecteprometeus_54_51665993454_o-272x182.jpg 272w\" sizes=\"auto, (max-width: 1024px) 100vw, 1024px\" \/><figcaption>Graduaci\u0097 dels Joves de la promoci\u0097 de 2021 del Programa Prometeus<\/figcaption><\/figure>\n\n\n\n<p>Durante el acto, se ha puesto \u00e9nfasis en el hecho que <strong>Prometeus sirve como acompa\u00f1amiento para superar estas desigualdades<\/strong>, pero, tal como ha remarcado Ada Colau, \u00abel programa no os ha regalado nada [a los y las j\u00f3venes]; todo el m\u00e9rito, el esfuerzo, el trabajo y la dedicaci\u00f3n son vuestros [\u2026] lo hab\u00e9is tenido m\u00e1s dif\u00edcil que otras personas\u00bb.<\/p>\n\n\n\n<p>La AEI Raval y El Peri\u00f3dico El Raval impulsaron el programa en este barrio del distrito de Ciutat Vella. Posteriormente, con la implementaci\u00f3n del Pla de Barris de l&#8217;Ajuntament de Barcelona, <strong>en la AFEV hemos coordinado la extensi\u00f3n del programa a otros barrios de Barcelona<\/strong>, como el Bes\u00f2s y el Maresme, la Verneda i la Pau y la Zona Nord, con colaboraci\u00f3n de varios institutos de los mismos barrios (Institut Barri Bes\u00f2s, Institut Bernat Metge, Institut Pablo Ruiz Picasso), el Consorci d&#8217;Educaci\u00f3 de Barcelona, la UPC, la UB, la UAB y la UPF.<\/p>\n\n\n\n<figure class=\"wp-block-image size-large\"><img loading=\"lazy\" decoding=\"async\" width=\"1024\" height=\"683\" src=\"https:\/\/afev.cat\/wp-content\/uploads\/2021\/11\/20211108_projecteprometeus_22_51666189685_o-1024x683.jpg\" alt=\"\" class=\"wp-image-9348\" srcset=\"https:\/\/afev.cat\/wp-content\/uploads\/2021\/11\/20211108_projecteprometeus_22_51666189685_o-1024x683.jpg 1024w, https:\/\/afev.cat\/wp-content\/uploads\/2021\/11\/20211108_projecteprometeus_22_51666189685_o-300x200.jpg 300w, https:\/\/afev.cat\/wp-content\/uploads\/2021\/11\/20211108_projecteprometeus_22_51666189685_o-768x512.jpg 768w, https:\/\/afev.cat\/wp-content\/uploads\/2021\/11\/20211108_projecteprometeus_22_51666189685_o-1536x1024.jpg 1536w, https:\/\/afev.cat\/wp-content\/uploads\/2021\/11\/20211108_projecteprometeus_22_51666189685_o-2048x1366.jpg 2048w, https:\/\/afev.cat\/wp-content\/uploads\/2021\/11\/20211108_projecteprometeus_22_51666189685_o-272x182.jpg 272w\" sizes=\"auto, (max-width: 1024px) 100vw, 1024px\" \/><figcaption>Graduaci\u0097 dels Joves de la promoci\u0097 de 2021 del Programa Prometeus<\/figcaption><\/figure>\n\n\n\n<p>Esta ha sido la primera generaci\u00f3n de j\u00f3venes graduados, pero no ser\u00e1 la \u00faltima. Hoy en d\u00eda contamos con <strong>159 j\u00f3venes participantes<\/strong> en la fase universitaria o de estudios superiores. Mientras que en la fase del instituto llegamos hasta 120 alumnos. Adem\u00e1s, es muy importante destacar que <strong>de los 15 j\u00f3venes que participaron en el acto, 7 ya tienen un trabajo relacionado con su rama de estudios<\/strong>, logrando de este modo algunos de los objetivos del programa: <strong>la inserci\u00f3n al mercado laboral y el acceso a trabajos mejor cualificados.<\/strong><\/p>\n","protected":false},"excerpt":{"rendered":"<p>Los primeros quince j\u00f3venes del programa Prometeus en el Raval fueron homenajeados en el acto de graduaci\u00f3n llevado a cabo en el Sal\u00f3 de Cent del Ajuntament de Barcelona el pasado 8 de noviembre. Prometeus naci\u00f3 el 2016 en el Raval como un programa comunitario que vela para que el conjunto de j\u00f3venes de los &hellip;<\/p>\n","protected":false},"author":1,"featured_media":9335,"comment_status":"closed","ping_status":"open","sticky":false,"template":"","format":"standard","meta":{"inline_featured_image":false,"footnotes":""},"categories":[650],"tags":[668],"class_list":["post-9353","post","type-post","status-publish","format-standard","has-post-thumbnail","hentry","category-sabias-que","tag-prometeus-es"],"yoast_head":"<!-- This site is optimized with the Yoast SEO plugin v27.0 - https:\/\/yoast.com\/product\/yoast-seo-wordpress\/ -->\n<title>La primera promoci\u00f3n de j\u00f3venes Prometeus se grad\u00faa en la Universidad - AFEV<\/title>\n<meta name=\"description\" content=\"Quinze joves del programa Prometeus al Raval van ser homenatjats a l&#039;acte de graduaci\u00f3 dut a terme a l\u2019Ajuntament de Barcelona el passat 8 de novembre.\" \/>\n<meta name=\"robots\" content=\"index, follow, max-snippet:-1, max-image-preview:large, max-video-preview:-1\" \/>\n<link rel=\"canonical\" href=\"https:\/\/afev.cat\/es\/la-primera-promocio-de-joves-prometeus-es-gradua-a-la-universitat\/\" \/>\n<meta property=\"og:locale\" content=\"es_ES\" \/>\n<meta property=\"og:type\" content=\"article\" \/>\n<meta property=\"og:title\" content=\"La primera promoci\u00f3n de j\u00f3venes Prometeus se grad\u00faa en la Universidad - AFEV\" \/>\n<meta property=\"og:description\" content=\"Quinze joves del programa Prometeus al Raval van ser homenatjats a l&#039;acte de graduaci\u00f3 dut a terme a l\u2019Ajuntament de Barcelona el passat 8 de novembre.\" \/>\n<meta property=\"og:url\" content=\"https:\/\/afev.cat\/es\/la-primera-promocio-de-joves-prometeus-es-gradua-a-la-universitat\/\" \/>\n<meta property=\"og:site_name\" content=\"AFEV\" \/>\n<meta property=\"article:publisher\" content=\"https:\/\/www.facebook.com\/afevcat\" \/>\n<meta property=\"article:published_time\" content=\"2021-11-22T14:28:27+00:00\" \/>\n<meta property=\"article:modified_time\" content=\"2021-11-22T14:50:01+00:00\" \/>\n<meta property=\"og:image\" content=\"https:\/\/afev.cat\/wp-content\/uploads\/2021\/11\/20211108_projecteprometeus_61_51664502952_o-2-1024x683.jpg\" \/>\n\t<meta property=\"og:image:width\" content=\"1024\" \/>\n\t<meta property=\"og:image:height\" content=\"683\" \/>\n\t<meta property=\"og:image:type\" content=\"image\/jpeg\" \/>\n<meta name=\"author\" content=\"adminTandem\" \/>\n<meta name=\"twitter:card\" content=\"summary_large_image\" \/>\n<meta name=\"twitter:creator\" content=\"@afevcat\" \/>\n<meta name=\"twitter:site\" content=\"@afevcat\" \/>\n<meta name=\"twitter:label1\" content=\"Escrito por\" \/>\n\t<meta name=\"twitter:data1\" content=\"adminTandem\" \/>\n\t<meta name=\"twitter:label2\" content=\"Tiempo de lectura\" \/>\n\t<meta name=\"twitter:data2\" content=\"2 minutos\" \/>\n<script type=\"application\/ld+json\" class=\"yoast-schema-graph\">{\"@context\":\"https:\/\/schema.org\",\"@graph\":[{\"@type\":\"Article\",\"@id\":\"https:\/\/afev.cat\/es\/la-primera-promocio-de-joves-prometeus-es-gradua-a-la-universitat\/#article\",\"isPartOf\":{\"@id\":\"https:\/\/afev.cat\/es\/la-primera-promocio-de-joves-prometeus-es-gradua-a-la-universitat\/\"},\"author\":{\"name\":\"adminTandem\",\"@id\":\"https:\/\/afev.cat\/es\/#\/schema\/person\/2111428ce1954193a11054a1e2b5b0da\"},\"headline\":\"La primera promoci\u00f3n de j\u00f3venes Prometeus se grad\u00faa en la Universidad\",\"datePublished\":\"2021-11-22T14:28:27+00:00\",\"dateModified\":\"2021-11-22T14:50:01+00:00\",\"mainEntityOfPage\":{\"@id\":\"https:\/\/afev.cat\/es\/la-primera-promocio-de-joves-prometeus-es-gradua-a-la-universitat\/\"},\"wordCount\":499,\"image\":{\"@id\":\"https:\/\/afev.cat\/es\/la-primera-promocio-de-joves-prometeus-es-gradua-a-la-universitat\/#primaryimage\"},\"thumbnailUrl\":\"https:\/\/afev.cat\/wp-content\/uploads\/2021\/11\/20211108_projecteprometeus_61_51664502952_o-2.jpg\",\"keywords\":[\"Prometeus\"],\"articleSection\":[\"Sab\u00edas que\"],\"inLanguage\":\"es\"},{\"@type\":\"WebPage\",\"@id\":\"https:\/\/afev.cat\/es\/la-primera-promocio-de-joves-prometeus-es-gradua-a-la-universitat\/\",\"url\":\"https:\/\/afev.cat\/es\/la-primera-promocio-de-joves-prometeus-es-gradua-a-la-universitat\/\",\"name\":\"La primera promoci\u00f3n de j\u00f3venes Prometeus se grad\u00faa en la Universidad - AFEV\",\"isPartOf\":{\"@id\":\"https:\/\/afev.cat\/es\/#website\"},\"primaryImageOfPage\":{\"@id\":\"https:\/\/afev.cat\/es\/la-primera-promocio-de-joves-prometeus-es-gradua-a-la-universitat\/#primaryimage\"},\"image\":{\"@id\":\"https:\/\/afev.cat\/es\/la-primera-promocio-de-joves-prometeus-es-gradua-a-la-universitat\/#primaryimage\"},\"thumbnailUrl\":\"https:\/\/afev.cat\/wp-content\/uploads\/2021\/11\/20211108_projecteprometeus_61_51664502952_o-2.jpg\",\"datePublished\":\"2021-11-22T14:28:27+00:00\",\"dateModified\":\"2021-11-22T14:50:01+00:00\",\"author\":{\"@id\":\"https:\/\/afev.cat\/es\/#\/schema\/person\/2111428ce1954193a11054a1e2b5b0da\"},\"description\":\"Quinze joves del programa Prometeus al Raval van ser homenatjats a l'acte de graduaci\u00f3 dut a terme a l\u2019Ajuntament de Barcelona el passat 8 de novembre.\",\"breadcrumb\":{\"@id\":\"https:\/\/afev.cat\/es\/la-primera-promocio-de-joves-prometeus-es-gradua-a-la-universitat\/#breadcrumb\"},\"inLanguage\":\"es\",\"potentialAction\":[{\"@type\":\"ReadAction\",\"target\":[\"https:\/\/afev.cat\/es\/la-primera-promocio-de-joves-prometeus-es-gradua-a-la-universitat\/\"]}]},{\"@type\":\"ImageObject\",\"inLanguage\":\"es\",\"@id\":\"https:\/\/afev.cat\/es\/la-primera-promocio-de-joves-prometeus-es-gradua-a-la-universitat\/#primaryimage\",\"url\":\"https:\/\/afev.cat\/wp-content\/uploads\/2021\/11\/20211108_projecteprometeus_61_51664502952_o-2.jpg\",\"contentUrl\":\"https:\/\/afev.cat\/wp-content\/uploads\/2021\/11\/20211108_projecteprometeus_61_51664502952_o-2.jpg\",\"width\":2560,\"height\":1706,\"caption\":\"Graduaci\u0097 dels Joves de la promoci\u0097 de 2021 del Programa Prometeus\"},{\"@type\":\"BreadcrumbList\",\"@id\":\"https:\/\/afev.cat\/es\/la-primera-promocio-de-joves-prometeus-es-gradua-a-la-universitat\/#breadcrumb\",\"itemListElement\":[{\"@type\":\"ListItem\",\"position\":1,\"name\":\"Inici\",\"item\":\"https:\/\/afev.cat\/es\/\"},{\"@type\":\"ListItem\",\"position\":2,\"name\":\"La primera promoci\u00f3n de j\u00f3venes Prometeus se grad\u00faa en la Universidad\"}]},{\"@type\":\"WebSite\",\"@id\":\"https:\/\/afev.cat\/es\/#website\",\"url\":\"https:\/\/afev.cat\/es\/\",\"name\":\"AFEV\",\"description\":\"Voluntariat social entre joves\",\"potentialAction\":[{\"@type\":\"SearchAction\",\"target\":{\"@type\":\"EntryPoint\",\"urlTemplate\":\"https:\/\/afev.cat\/es\/?s={search_term_string}\"},\"query-input\":{\"@type\":\"PropertyValueSpecification\",\"valueRequired\":true,\"valueName\":\"search_term_string\"}}],\"inLanguage\":\"es\"},{\"@type\":\"Person\",\"@id\":\"https:\/\/afev.cat\/es\/#\/schema\/person\/2111428ce1954193a11054a1e2b5b0da\",\"name\":\"adminTandem\",\"url\":\"https:\/\/afev.cat\/es\/author\/admintandem\/\"}]}<\/script>\n<!-- \/ Yoast SEO plugin. -->","yoast_head_json":{"title":"La primera promoci\u00f3n de j\u00f3venes Prometeus se grad\u00faa en la Universidad - AFEV","description":"Quinze joves del programa Prometeus al Raval van ser homenatjats a l'acte de graduaci\u00f3 dut a terme a l\u2019Ajuntament de Barcelona el passat 8 de novembre.","robots":{"index":"index","follow":"follow","max-snippet":"max-snippet:-1","max-image-preview":"max-image-preview:large","max-video-preview":"max-video-preview:-1"},"canonical":"https:\/\/afev.cat\/es\/la-primera-promocio-de-joves-prometeus-es-gradua-a-la-universitat\/","og_locale":"es_ES","og_type":"article","og_title":"La primera promoci\u00f3n de j\u00f3venes Prometeus se grad\u00faa en la Universidad - AFEV","og_description":"Quinze joves del programa Prometeus al Raval van ser homenatjats a l'acte de graduaci\u00f3 dut a terme a l\u2019Ajuntament de Barcelona el passat 8 de novembre.","og_url":"https:\/\/afev.cat\/es\/la-primera-promocio-de-joves-prometeus-es-gradua-a-la-universitat\/","og_site_name":"AFEV","article_publisher":"https:\/\/www.facebook.com\/afevcat","article_published_time":"2021-11-22T14:28:27+00:00","article_modified_time":"2021-11-22T14:50:01+00:00","og_image":[{"width":1024,"height":683,"url":"https:\/\/afev.cat\/wp-content\/uploads\/2021\/11\/20211108_projecteprometeus_61_51664502952_o-2-1024x683.jpg","type":"image\/jpeg"}],"author":"adminTandem","twitter_card":"summary_large_image","twitter_creator":"@afevcat","twitter_site":"@afevcat","twitter_misc":{"Escrito por":"adminTandem","Tiempo de lectura":"2 minutos"},"schema":{"@context":"https:\/\/schema.org","@graph":[{"@type":"Article","@id":"https:\/\/afev.cat\/es\/la-primera-promocio-de-joves-prometeus-es-gradua-a-la-universitat\/#article","isPartOf":{"@id":"https:\/\/afev.cat\/es\/la-primera-promocio-de-joves-prometeus-es-gradua-a-la-universitat\/"},"author":{"name":"adminTandem","@id":"https:\/\/afev.cat\/es\/#\/schema\/person\/2111428ce1954193a11054a1e2b5b0da"},"headline":"La primera promoci\u00f3n de j\u00f3venes Prometeus se grad\u00faa en la Universidad","datePublished":"2021-11-22T14:28:27+00:00","dateModified":"2021-11-22T14:50:01+00:00","mainEntityOfPage":{"@id":"https:\/\/afev.cat\/es\/la-primera-promocio-de-joves-prometeus-es-gradua-a-la-universitat\/"},"wordCount":499,"image":{"@id":"https:\/\/afev.cat\/es\/la-primera-promocio-de-joves-prometeus-es-gradua-a-la-universitat\/#primaryimage"},"thumbnailUrl":"https:\/\/afev.cat\/wp-content\/uploads\/2021\/11\/20211108_projecteprometeus_61_51664502952_o-2.jpg","keywords":["Prometeus"],"articleSection":["Sab\u00edas que"],"inLanguage":"es"},{"@type":"WebPage","@id":"https:\/\/afev.cat\/es\/la-primera-promocio-de-joves-prometeus-es-gradua-a-la-universitat\/","url":"https:\/\/afev.cat\/es\/la-primera-promocio-de-joves-prometeus-es-gradua-a-la-universitat\/","name":"La primera promoci\u00f3n de j\u00f3venes Prometeus se grad\u00faa en la Universidad - AFEV","isPartOf":{"@id":"https:\/\/afev.cat\/es\/#website"},"primaryImageOfPage":{"@id":"https:\/\/afev.cat\/es\/la-primera-promocio-de-joves-prometeus-es-gradua-a-la-universitat\/#primaryimage"},"image":{"@id":"https:\/\/afev.cat\/es\/la-primera-promocio-de-joves-prometeus-es-gradua-a-la-universitat\/#primaryimage"},"thumbnailUrl":"https:\/\/afev.cat\/wp-content\/uploads\/2021\/11\/20211108_projecteprometeus_61_51664502952_o-2.jpg","datePublished":"2021-11-22T14:28:27+00:00","dateModified":"2021-11-22T14:50:01+00:00","author":{"@id":"https:\/\/afev.cat\/es\/#\/schema\/person\/2111428ce1954193a11054a1e2b5b0da"},"description":"Quinze joves del programa Prometeus al Raval van ser homenatjats a l'acte de graduaci\u00f3 dut a terme a l\u2019Ajuntament de Barcelona el passat 8 de novembre.","breadcrumb":{"@id":"https:\/\/afev.cat\/es\/la-primera-promocio-de-joves-prometeus-es-gradua-a-la-universitat\/#breadcrumb"},"inLanguage":"es","potentialAction":[{"@type":"ReadAction","target":["https:\/\/afev.cat\/es\/la-primera-promocio-de-joves-prometeus-es-gradua-a-la-universitat\/"]}]},{"@type":"ImageObject","inLanguage":"es","@id":"https:\/\/afev.cat\/es\/la-primera-promocio-de-joves-prometeus-es-gradua-a-la-universitat\/#primaryimage","url":"https:\/\/afev.cat\/wp-content\/uploads\/2021\/11\/20211108_projecteprometeus_61_51664502952_o-2.jpg","contentUrl":"https:\/\/afev.cat\/wp-content\/uploads\/2021\/11\/20211108_projecteprometeus_61_51664502952_o-2.jpg","width":2560,"height":1706,"caption":"Graduaci\u0097 dels Joves de la promoci\u0097 de 2021 del Programa Prometeus"},{"@type":"BreadcrumbList","@id":"https:\/\/afev.cat\/es\/la-primera-promocio-de-joves-prometeus-es-gradua-a-la-universitat\/#breadcrumb","itemListElement":[{"@type":"ListItem","position":1,"name":"Inici","item":"https:\/\/afev.cat\/es\/"},{"@type":"ListItem","position":2,"name":"La primera promoci\u00f3n de j\u00f3venes Prometeus se grad\u00faa en la Universidad"}]},{"@type":"WebSite","@id":"https:\/\/afev.cat\/es\/#website","url":"https:\/\/afev.cat\/es\/","name":"AFEV","description":"Voluntariat social entre joves","potentialAction":[{"@type":"SearchAction","target":{"@type":"EntryPoint","urlTemplate":"https:\/\/afev.cat\/es\/?s={search_term_string}"},"query-input":{"@type":"PropertyValueSpecification","valueRequired":true,"valueName":"search_term_string"}}],"inLanguage":"es"},{"@type":"Person","@id":"https:\/\/afev.cat\/es\/#\/schema\/person\/2111428ce1954193a11054a1e2b5b0da","name":"adminTandem","url":"https:\/\/afev.cat\/es\/author\/admintandem\/"}]}},"_links":{"self":[{"href":"https:\/\/afev.cat\/es\/wp-json\/wp\/v2\/posts\/9353","targetHints":{"allow":["GET"]}}],"collection":[{"href":"https:\/\/afev.cat\/es\/wp-json\/wp\/v2\/posts"}],"about":[{"href":"https:\/\/afev.cat\/es\/wp-json\/wp\/v2\/types\/post"}],"author":[{"embeddable":true,"href":"https:\/\/afev.cat\/es\/wp-json\/wp\/v2\/users\/1"}],"replies":[{"embeddable":true,"href":"https:\/\/afev.cat\/es\/wp-json\/wp\/v2\/comments?post=9353"}],"version-history":[{"count":4,"href":"https:\/\/afev.cat\/es\/wp-json\/wp\/v2\/posts\/9353\/revisions"}],"predecessor-version":[{"id":9360,"href":"https:\/\/afev.cat\/es\/wp-json\/wp\/v2\/posts\/9353\/revisions\/9360"}],"wp:featuredmedia":[{"embeddable":true,"href":"https:\/\/afev.cat\/es\/wp-json\/wp\/v2\/media\/9335"}],"wp:attachment":[{"href":"https:\/\/afev.cat\/es\/wp-json\/wp\/v2\/media?parent=9353"}],"wp:term":[{"taxonomy":"category","embeddable":true,"href":"https:\/\/afev.cat\/es\/wp-json\/wp\/v2\/categories?post=9353"},{"taxonomy":"post_tag","embeddable":true,"href":"https:\/\/afev.cat\/es\/wp-json\/wp\/v2\/tags?post=9353"}],"curies":[{"name":"wp","href":"https:\/\/api.w.org\/{rel}","templated":true}]}}