{"id":8609,"date":"2021-04-27T15:12:28","date_gmt":"2021-04-27T13:12:28","guid":{"rendered":"https:\/\/afev.cat\/?p=8609"},"modified":"2021-04-27T15:14:47","modified_gmt":"2021-04-27T13:14:47","slug":"un-estudio-demuestra-que-la-mentoria-social-mejora-la-salud-mental-y-emocional-de-las-personas-migradas-y-refugiadas","status":"publish","type":"post","link":"https:\/\/afev.cat\/es\/un-estudio-demuestra-que-la-mentoria-social-mejora-la-salud-mental-y-emocional-de-las-personas-migradas-y-refugiadas\/","title":{"rendered":"Un estudio demuestra que la mentor\u00eda social mejora la salud mental y emocional de las personas migradas y refugiadas"},"content":{"rendered":"\n<p><em>El martes 13 de abril se dieron a conocer los resultados del estudio \u201cApplying Mentoring\u201d, sobre los efectos de la mentor\u00eda social para las personas migradas o refugiadas. En este estudio liderado por la Universitat de Girona, participaron varios proyectos de mentor\u00eda, entre ellos enT\u00e0ndem.<\/em><\/p>\n<p><strong>Ofrecer apoyo emocional y favorecer una mejor inclusi\u00f3n social de las personas migradas y refugiadas<\/strong> son dos de los beneficios m\u00e1s destacados de la mentor\u00eda social. En el caso concreto de los adolescentes mentorados, <strong>\u201cla mentor\u00eda social es un buen complemento en la lucha contra el fracaso escolar\u201d<\/strong>, ya que ayuda a que diversos indicadores relacionados con la escolarizaci\u00f3n, como hacer los deberes, no empeoren de manera significativa, lo que permite evitar que la trayectoria escolar de los adolescentes se debilite.<\/p>\n<p>Los resultados del estudio ponen de manifiesto que los adolescentes de origen inmigrante que participan en proyectos de mentor\u00eda social <strong>mejoran el doble en el aprendizaje de la lengua, necesitan estar menos tiempo en el aula de acogida y participan m\u00e1s activamente en clase<\/strong>, seg\u00fan las percepciones del profesorado.<\/p>\n<p>La investigaci\u00f3n muestra que la mentor\u00eda tiene muchos beneficios, <strong>a condici\u00f3n que sea de calidad<\/strong>. Y de hecho no solo en adolescentes. Applying Mentoring estudi\u00f3 programas de mentor\u00eda atendiendo a tres colectivos de poblaci\u00f3n migrante o en situaci\u00f3n de refugio: ni\u00f1os y adolescentes, j\u00f3venes no acompa\u00f1ados y adultos solicitantes de asilo.<\/p>\n<h3>Una experiencia positiva para ambos participantes<\/h3>\n<p><strong>Si la persona mentorada saca provecho del acompa\u00f1amiento, tambi\u00e9n es el caso de la persona voluntaria<\/strong>. Contribuir a un bien social, poner en pr\u00e1ctica la empat\u00eda, conocer otras realidades alejadas de su propio cotidiano, \u2026 son unos de los numerosos beneficios que menciona el estudio. Tambi\u00e9n sirve a la persona mentora a la hora de enfrentar discursos xenof\u00f3bicos, de odio o racismo con experiencias concretas.<\/p>\n<p>Cabe a\u00f1adir que los beneficios de la mentor\u00eda son los mismos tanto si la persona mentora es aut\u00f3ctona o no. Seg\u00fan el investigador principal del estudio, \u00d2scar Prieto-Flores, \u201csi la mentor\u00eda es de calidad, hemos visto que tiene <strong>el mismo impacto tanto si la persona es aut\u00f3ctona como si tambi\u00e9n ha vivido un proceso de migraci\u00f3n y refugio como la persona mentorada<\/strong>\u201d.<\/p>\n<h3>La mentor\u00eda complementa pero no sustituye a los programas p\u00fablicos<\/h3>\n<p>La f\u00f3rmula de la mentor\u00eda social ha ido creciendo en los \u00faltimos a\u00f1os, especialmente despu\u00e9s de la crisis de los refugiados. <strong>Entre 2015 y 2019 (antes de la pandemia) se crearon el 60% de los programas de mentor\u00eda social<\/strong> que existen actualmente en Espa\u00f1a. Para \u00d2scar Prieto-Flores, el auge de estos programas es <strong>\u201cla otra cara de la moneda\u201d<\/strong> de las tensiones y la violencia que sufren los inmigrantes. Estas cifras muestran efectivamente la voluntad de una parte de la ciudadan\u00eda de participar en proyectos solidarios. Sin embargo, evidencian tambi\u00e9n las necesidades sociales que existen hoy en d\u00eda y a las cuales es urgente responder.<\/p>\n<p>El estudio insiste en la idea que los programas de acompa\u00f1amiento de j\u00f3venes migrantes no acompa\u00f1ados <strong>no sustituyen sino que complementan el rol de profesionales<\/strong> como los educadores y trabajadores sociales. La mentor\u00eda ofrece un apoyo emocional y un acompa\u00f1amiento a los y las j\u00f3venes, pero el trabajo de las entidades p\u00fablicas sigue siendo imprescindible.<\/p>\n<p>El estudio termina haciendo <strong>varias recomendaciones<\/strong>, entre ellas fomentar en las pol\u00edticas educativas la mentor\u00eda social como una medida de apoyo informal a la inclusi\u00f3n social de las personas migradas y refugiadas.<\/p>\n<p>\u00a0<\/p>\n\n\n\n<div class=\"wp-block-buttons aligncenter is-layout-flex wp-block-buttons-is-layout-flex\">\n<div class=\"wp-block-button\"><a class=\"wp-block-button__link has-background\" href=\"http:\/\/mentoringapp.udg.edu\/resultats\/\" style=\"background-color:#e03636\" target=\"_blank\" rel=\"noreferrer noopener\">Leer el estudio<\/a><\/div>\n<\/div>\n\n\n","protected":false},"excerpt":{"rendered":"<p>El martes 13 de abril se dieron a conocer los resultados del estudio \u201cApplying Mentoring\u201d, sobre los efectos de la mentor\u00eda social para las personas migradas o refugiadas. En este estudio liderado por la Universitat de Girona, participaron varios proyectos de mentor\u00eda, entre ellos enT\u00e0ndem. Ofrecer apoyo emocional y favorecer una mejor inclusi\u00f3n social de &hellip;<\/p>\n","protected":false},"author":1,"featured_media":8620,"comment_status":"closed","ping_status":"open","sticky":false,"template":"","format":"standard","meta":{"inline_featured_image":false,"footnotes":""},"categories":[650],"tags":[671],"class_list":["post-8609","post","type-post","status-publish","format-standard","has-post-thumbnail","hentry","category-sabias-que","tag-entandem-es"],"yoast_head":"<!-- This site is optimized with the Yoast SEO plugin v27.0 - https:\/\/yoast.com\/product\/yoast-seo-wordpress\/ -->\n<title>Un estudio demuestra que la mentor\u00eda social mejora la salud mental y emocional de las personas migradas y refugiadas - AFEV<\/title>\n<meta name=\"robots\" content=\"index, follow, max-snippet:-1, max-image-preview:large, max-video-preview:-1\" \/>\n<link rel=\"canonical\" href=\"https:\/\/afev.cat\/es\/un-estudio-demuestra-que-la-mentoria-social-mejora-la-salud-mental-y-emocional-de-las-personas-migradas-y-refugiadas\/\" \/>\n<meta property=\"og:locale\" content=\"es_ES\" \/>\n<meta property=\"og:type\" content=\"article\" \/>\n<meta property=\"og:title\" content=\"Un estudio demuestra que la mentor\u00eda social mejora la salud mental y emocional de las personas migradas y refugiadas - AFEV\" \/>\n<meta property=\"og:description\" content=\"El martes 13 de abril se dieron a conocer los resultados del estudio \u201cApplying Mentoring\u201d, sobre los efectos de la mentor\u00eda social para las personas migradas o refugiadas. En este estudio liderado por la Universitat de Girona, participaron varios proyectos de mentor\u00eda, entre ellos enT\u00e0ndem. Ofrecer apoyo emocional y favorecer una mejor inclusi\u00f3n social de &hellip;\" \/>\n<meta property=\"og:url\" content=\"https:\/\/afev.cat\/es\/un-estudio-demuestra-que-la-mentoria-social-mejora-la-salud-mental-y-emocional-de-las-personas-migradas-y-refugiadas\/\" \/>\n<meta property=\"og:site_name\" content=\"AFEV\" \/>\n<meta property=\"article:publisher\" content=\"https:\/\/www.facebook.com\/afevcat\" \/>\n<meta property=\"article:published_time\" content=\"2021-04-27T13:12:28+00:00\" \/>\n<meta property=\"article:modified_time\" content=\"2021-04-27T13:14:47+00:00\" \/>\n<meta property=\"og:image\" content=\"https:\/\/afev.cat\/wp-content\/uploads\/2021\/04\/Applying-mentoring-1.jpg\" \/>\n\t<meta property=\"og:image:width\" content=\"1200\" \/>\n\t<meta property=\"og:image:height\" content=\"800\" \/>\n\t<meta property=\"og:image:type\" content=\"image\/jpeg\" \/>\n<meta name=\"author\" content=\"adminTandem\" \/>\n<meta name=\"twitter:card\" content=\"summary_large_image\" \/>\n<meta name=\"twitter:creator\" content=\"@afevcat\" \/>\n<meta name=\"twitter:site\" content=\"@afevcat\" \/>\n<meta name=\"twitter:label1\" content=\"Escrito por\" \/>\n\t<meta name=\"twitter:data1\" content=\"adminTandem\" \/>\n\t<meta name=\"twitter:label2\" content=\"Tiempo de lectura\" \/>\n\t<meta name=\"twitter:data2\" content=\"3 minutos\" \/>\n<script type=\"application\/ld+json\" class=\"yoast-schema-graph\">{\"@context\":\"https:\/\/schema.org\",\"@graph\":[{\"@type\":\"Article\",\"@id\":\"https:\/\/afev.cat\/es\/un-estudio-demuestra-que-la-mentoria-social-mejora-la-salud-mental-y-emocional-de-las-personas-migradas-y-refugiadas\/#article\",\"isPartOf\":{\"@id\":\"https:\/\/afev.cat\/es\/un-estudio-demuestra-que-la-mentoria-social-mejora-la-salud-mental-y-emocional-de-las-personas-migradas-y-refugiadas\/\"},\"author\":{\"name\":\"adminTandem\",\"@id\":\"https:\/\/afev.cat\/es\/#\/schema\/person\/2111428ce1954193a11054a1e2b5b0da\"},\"headline\":\"Un estudio demuestra que la mentor\u00eda social mejora la salud mental y emocional de las personas migradas y refugiadas\",\"datePublished\":\"2021-04-27T13:12:28+00:00\",\"dateModified\":\"2021-04-27T13:14:47+00:00\",\"mainEntityOfPage\":{\"@id\":\"https:\/\/afev.cat\/es\/un-estudio-demuestra-que-la-mentoria-social-mejora-la-salud-mental-y-emocional-de-las-personas-migradas-y-refugiadas\/\"},\"wordCount\":634,\"image\":{\"@id\":\"https:\/\/afev.cat\/es\/un-estudio-demuestra-que-la-mentoria-social-mejora-la-salud-mental-y-emocional-de-las-personas-migradas-y-refugiadas\/#primaryimage\"},\"thumbnailUrl\":\"https:\/\/afev.cat\/wp-content\/uploads\/2021\/04\/Applying-mentoring-1.jpg\",\"keywords\":[\"enT\u00e0ndem\"],\"articleSection\":[\"Sab\u00edas que\"],\"inLanguage\":\"es\"},{\"@type\":\"WebPage\",\"@id\":\"https:\/\/afev.cat\/es\/un-estudio-demuestra-que-la-mentoria-social-mejora-la-salud-mental-y-emocional-de-las-personas-migradas-y-refugiadas\/\",\"url\":\"https:\/\/afev.cat\/es\/un-estudio-demuestra-que-la-mentoria-social-mejora-la-salud-mental-y-emocional-de-las-personas-migradas-y-refugiadas\/\",\"name\":\"Un estudio demuestra que la mentor\u00eda social mejora la salud mental y emocional de las personas migradas y refugiadas - AFEV\",\"isPartOf\":{\"@id\":\"https:\/\/afev.cat\/es\/#website\"},\"primaryImageOfPage\":{\"@id\":\"https:\/\/afev.cat\/es\/un-estudio-demuestra-que-la-mentoria-social-mejora-la-salud-mental-y-emocional-de-las-personas-migradas-y-refugiadas\/#primaryimage\"},\"image\":{\"@id\":\"https:\/\/afev.cat\/es\/un-estudio-demuestra-que-la-mentoria-social-mejora-la-salud-mental-y-emocional-de-las-personas-migradas-y-refugiadas\/#primaryimage\"},\"thumbnailUrl\":\"https:\/\/afev.cat\/wp-content\/uploads\/2021\/04\/Applying-mentoring-1.jpg\",\"datePublished\":\"2021-04-27T13:12:28+00:00\",\"dateModified\":\"2021-04-27T13:14:47+00:00\",\"author\":{\"@id\":\"https:\/\/afev.cat\/es\/#\/schema\/person\/2111428ce1954193a11054a1e2b5b0da\"},\"breadcrumb\":{\"@id\":\"https:\/\/afev.cat\/es\/un-estudio-demuestra-que-la-mentoria-social-mejora-la-salud-mental-y-emocional-de-las-personas-migradas-y-refugiadas\/#breadcrumb\"},\"inLanguage\":\"es\",\"potentialAction\":[{\"@type\":\"ReadAction\",\"target\":[\"https:\/\/afev.cat\/es\/un-estudio-demuestra-que-la-mentoria-social-mejora-la-salud-mental-y-emocional-de-las-personas-migradas-y-refugiadas\/\"]}]},{\"@type\":\"ImageObject\",\"inLanguage\":\"es\",\"@id\":\"https:\/\/afev.cat\/es\/un-estudio-demuestra-que-la-mentoria-social-mejora-la-salud-mental-y-emocional-de-las-personas-migradas-y-refugiadas\/#primaryimage\",\"url\":\"https:\/\/afev.cat\/wp-content\/uploads\/2021\/04\/Applying-mentoring-1.jpg\",\"contentUrl\":\"https:\/\/afev.cat\/wp-content\/uploads\/2021\/04\/Applying-mentoring-1.jpg\",\"width\":1200,\"height\":800},{\"@type\":\"BreadcrumbList\",\"@id\":\"https:\/\/afev.cat\/es\/un-estudio-demuestra-que-la-mentoria-social-mejora-la-salud-mental-y-emocional-de-las-personas-migradas-y-refugiadas\/#breadcrumb\",\"itemListElement\":[{\"@type\":\"ListItem\",\"position\":1,\"name\":\"Inici\",\"item\":\"https:\/\/afev.cat\/es\/\"},{\"@type\":\"ListItem\",\"position\":2,\"name\":\"Un estudio demuestra que la mentor\u00eda social mejora la salud mental y emocional de las personas migradas y refugiadas\"}]},{\"@type\":\"WebSite\",\"@id\":\"https:\/\/afev.cat\/es\/#website\",\"url\":\"https:\/\/afev.cat\/es\/\",\"name\":\"AFEV\",\"description\":\"Voluntariat social entre joves\",\"potentialAction\":[{\"@type\":\"SearchAction\",\"target\":{\"@type\":\"EntryPoint\",\"urlTemplate\":\"https:\/\/afev.cat\/es\/?s={search_term_string}\"},\"query-input\":{\"@type\":\"PropertyValueSpecification\",\"valueRequired\":true,\"valueName\":\"search_term_string\"}}],\"inLanguage\":\"es\"},{\"@type\":\"Person\",\"@id\":\"https:\/\/afev.cat\/es\/#\/schema\/person\/2111428ce1954193a11054a1e2b5b0da\",\"name\":\"adminTandem\",\"url\":\"https:\/\/afev.cat\/es\/author\/admintandem\/\"}]}<\/script>\n<!-- \/ Yoast SEO plugin. -->","yoast_head_json":{"title":"Un estudio demuestra que la mentor\u00eda social mejora la salud mental y emocional de las personas migradas y refugiadas - AFEV","robots":{"index":"index","follow":"follow","max-snippet":"max-snippet:-1","max-image-preview":"max-image-preview:large","max-video-preview":"max-video-preview:-1"},"canonical":"https:\/\/afev.cat\/es\/un-estudio-demuestra-que-la-mentoria-social-mejora-la-salud-mental-y-emocional-de-las-personas-migradas-y-refugiadas\/","og_locale":"es_ES","og_type":"article","og_title":"Un estudio demuestra que la mentor\u00eda social mejora la salud mental y emocional de las personas migradas y refugiadas - AFEV","og_description":"El martes 13 de abril se dieron a conocer los resultados del estudio \u201cApplying Mentoring\u201d, sobre los efectos de la mentor\u00eda social para las personas migradas o refugiadas. En este estudio liderado por la Universitat de Girona, participaron varios proyectos de mentor\u00eda, entre ellos enT\u00e0ndem. Ofrecer apoyo emocional y favorecer una mejor inclusi\u00f3n social de &hellip;","og_url":"https:\/\/afev.cat\/es\/un-estudio-demuestra-que-la-mentoria-social-mejora-la-salud-mental-y-emocional-de-las-personas-migradas-y-refugiadas\/","og_site_name":"AFEV","article_publisher":"https:\/\/www.facebook.com\/afevcat","article_published_time":"2021-04-27T13:12:28+00:00","article_modified_time":"2021-04-27T13:14:47+00:00","og_image":[{"width":1200,"height":800,"url":"https:\/\/afev.cat\/wp-content\/uploads\/2021\/04\/Applying-mentoring-1.jpg","type":"image\/jpeg"}],"author":"adminTandem","twitter_card":"summary_large_image","twitter_creator":"@afevcat","twitter_site":"@afevcat","twitter_misc":{"Escrito por":"adminTandem","Tiempo de lectura":"3 minutos"},"schema":{"@context":"https:\/\/schema.org","@graph":[{"@type":"Article","@id":"https:\/\/afev.cat\/es\/un-estudio-demuestra-que-la-mentoria-social-mejora-la-salud-mental-y-emocional-de-las-personas-migradas-y-refugiadas\/#article","isPartOf":{"@id":"https:\/\/afev.cat\/es\/un-estudio-demuestra-que-la-mentoria-social-mejora-la-salud-mental-y-emocional-de-las-personas-migradas-y-refugiadas\/"},"author":{"name":"adminTandem","@id":"https:\/\/afev.cat\/es\/#\/schema\/person\/2111428ce1954193a11054a1e2b5b0da"},"headline":"Un estudio demuestra que la mentor\u00eda social mejora la salud mental y emocional de las personas migradas y refugiadas","datePublished":"2021-04-27T13:12:28+00:00","dateModified":"2021-04-27T13:14:47+00:00","mainEntityOfPage":{"@id":"https:\/\/afev.cat\/es\/un-estudio-demuestra-que-la-mentoria-social-mejora-la-salud-mental-y-emocional-de-las-personas-migradas-y-refugiadas\/"},"wordCount":634,"image":{"@id":"https:\/\/afev.cat\/es\/un-estudio-demuestra-que-la-mentoria-social-mejora-la-salud-mental-y-emocional-de-las-personas-migradas-y-refugiadas\/#primaryimage"},"thumbnailUrl":"https:\/\/afev.cat\/wp-content\/uploads\/2021\/04\/Applying-mentoring-1.jpg","keywords":["enT\u00e0ndem"],"articleSection":["Sab\u00edas que"],"inLanguage":"es"},{"@type":"WebPage","@id":"https:\/\/afev.cat\/es\/un-estudio-demuestra-que-la-mentoria-social-mejora-la-salud-mental-y-emocional-de-las-personas-migradas-y-refugiadas\/","url":"https:\/\/afev.cat\/es\/un-estudio-demuestra-que-la-mentoria-social-mejora-la-salud-mental-y-emocional-de-las-personas-migradas-y-refugiadas\/","name":"Un estudio demuestra que la mentor\u00eda social mejora la salud mental y emocional de las personas migradas y refugiadas - AFEV","isPartOf":{"@id":"https:\/\/afev.cat\/es\/#website"},"primaryImageOfPage":{"@id":"https:\/\/afev.cat\/es\/un-estudio-demuestra-que-la-mentoria-social-mejora-la-salud-mental-y-emocional-de-las-personas-migradas-y-refugiadas\/#primaryimage"},"image":{"@id":"https:\/\/afev.cat\/es\/un-estudio-demuestra-que-la-mentoria-social-mejora-la-salud-mental-y-emocional-de-las-personas-migradas-y-refugiadas\/#primaryimage"},"thumbnailUrl":"https:\/\/afev.cat\/wp-content\/uploads\/2021\/04\/Applying-mentoring-1.jpg","datePublished":"2021-04-27T13:12:28+00:00","dateModified":"2021-04-27T13:14:47+00:00","author":{"@id":"https:\/\/afev.cat\/es\/#\/schema\/person\/2111428ce1954193a11054a1e2b5b0da"},"breadcrumb":{"@id":"https:\/\/afev.cat\/es\/un-estudio-demuestra-que-la-mentoria-social-mejora-la-salud-mental-y-emocional-de-las-personas-migradas-y-refugiadas\/#breadcrumb"},"inLanguage":"es","potentialAction":[{"@type":"ReadAction","target":["https:\/\/afev.cat\/es\/un-estudio-demuestra-que-la-mentoria-social-mejora-la-salud-mental-y-emocional-de-las-personas-migradas-y-refugiadas\/"]}]},{"@type":"ImageObject","inLanguage":"es","@id":"https:\/\/afev.cat\/es\/un-estudio-demuestra-que-la-mentoria-social-mejora-la-salud-mental-y-emocional-de-las-personas-migradas-y-refugiadas\/#primaryimage","url":"https:\/\/afev.cat\/wp-content\/uploads\/2021\/04\/Applying-mentoring-1.jpg","contentUrl":"https:\/\/afev.cat\/wp-content\/uploads\/2021\/04\/Applying-mentoring-1.jpg","width":1200,"height":800},{"@type":"BreadcrumbList","@id":"https:\/\/afev.cat\/es\/un-estudio-demuestra-que-la-mentoria-social-mejora-la-salud-mental-y-emocional-de-las-personas-migradas-y-refugiadas\/#breadcrumb","itemListElement":[{"@type":"ListItem","position":1,"name":"Inici","item":"https:\/\/afev.cat\/es\/"},{"@type":"ListItem","position":2,"name":"Un estudio demuestra que la mentor\u00eda social mejora la salud mental y emocional de las personas migradas y refugiadas"}]},{"@type":"WebSite","@id":"https:\/\/afev.cat\/es\/#website","url":"https:\/\/afev.cat\/es\/","name":"AFEV","description":"Voluntariat social entre joves","potentialAction":[{"@type":"SearchAction","target":{"@type":"EntryPoint","urlTemplate":"https:\/\/afev.cat\/es\/?s={search_term_string}"},"query-input":{"@type":"PropertyValueSpecification","valueRequired":true,"valueName":"search_term_string"}}],"inLanguage":"es"},{"@type":"Person","@id":"https:\/\/afev.cat\/es\/#\/schema\/person\/2111428ce1954193a11054a1e2b5b0da","name":"adminTandem","url":"https:\/\/afev.cat\/es\/author\/admintandem\/"}]}},"_links":{"self":[{"href":"https:\/\/afev.cat\/es\/wp-json\/wp\/v2\/posts\/8609","targetHints":{"allow":["GET"]}}],"collection":[{"href":"https:\/\/afev.cat\/es\/wp-json\/wp\/v2\/posts"}],"about":[{"href":"https:\/\/afev.cat\/es\/wp-json\/wp\/v2\/types\/post"}],"author":[{"embeddable":true,"href":"https:\/\/afev.cat\/es\/wp-json\/wp\/v2\/users\/1"}],"replies":[{"embeddable":true,"href":"https:\/\/afev.cat\/es\/wp-json\/wp\/v2\/comments?post=8609"}],"version-history":[{"count":2,"href":"https:\/\/afev.cat\/es\/wp-json\/wp\/v2\/posts\/8609\/revisions"}],"predecessor-version":[{"id":8623,"href":"https:\/\/afev.cat\/es\/wp-json\/wp\/v2\/posts\/8609\/revisions\/8623"}],"wp:featuredmedia":[{"embeddable":true,"href":"https:\/\/afev.cat\/es\/wp-json\/wp\/v2\/media\/8620"}],"wp:attachment":[{"href":"https:\/\/afev.cat\/es\/wp-json\/wp\/v2\/media?parent=8609"}],"wp:term":[{"taxonomy":"category","embeddable":true,"href":"https:\/\/afev.cat\/es\/wp-json\/wp\/v2\/categories?post=8609"},{"taxonomy":"post_tag","embeddable":true,"href":"https:\/\/afev.cat\/es\/wp-json\/wp\/v2\/tags?post=8609"}],"curies":[{"name":"wp","href":"https:\/\/api.w.org\/{rel}","templated":true}]}}