{"id":8121,"date":"2020-10-23T14:17:53","date_gmt":"2020-10-23T12:17:53","guid":{"rendered":"https:\/\/afev.cat\/?p=8121"},"modified":"2020-10-26T12:44:30","modified_gmt":"2020-10-26T11:44:30","slug":"estas-son-todas-las-opciones-de-voluntariado-que-ofrecemos","status":"publish","type":"post","link":"https:\/\/afev.cat\/es\/estas-son-todas-las-opciones-de-voluntariado-que-ofrecemos\/","title":{"rendered":"Estas son todas las opciones de voluntariado que ofrecemos"},"content":{"rendered":"\n<p>Luchar contra las desigualdades puede tomar varias formas. Por eso, desde la AFEV, proponemos distintos tipos de voluntariado, todos basados en la mentor\u00eda social y educativa. Aqu\u00ed, te hacemos el listado:<\/p>\n\n\n\n<ul style=\"list-style-type: disc;\">\n<li>\n<h3>enT\u00e1ndem<\/h3>\n<\/li>\n<\/ul>\n<p>enT\u00e1ndem es el proyecto hist\u00f3rico de la Afev Catalu\u00f1a. Fue a partir de \u00e9l que desarrollamos nuestra <strong>metodolog\u00eda de la mentor\u00eda social y educativa<\/strong> que ocupamos en otros proyectos. Consiste en un <strong>acompa\u00f1amiento individualizado<\/strong> de un ni\u00f1o, una ni\u00f1a o un adolescente que necesita un poco de apoyo una tarde a la semana durante todo el curso escolar. Con dos horas a la semana, ya se puede mucho: reforzar la autonom\u00eda y la autoestima del joven, pero tambi\u00e9n aprender cosas juntos. Te interesa? <strong>Ap\u00fantate a nuestra pr\u00f3xima sesi\u00f3n informativa en <a href=\"https:\/\/docs.google.com\/forms\/d\/e\/1FAIpQLSeeTnYJr1dTnFZ-fFryLnsPKzZ0v9l0ynjVWzktsAr67iMoXg\/viewform\" target=\"_blank\" rel=\"noopener noreferrer\">Barcelona<\/a> o <a href=\"https:\/\/docs.google.com\/forms\/d\/e\/1FAIpQLSdDsdgpRpEv7vjcOV9uHwir7aGmrg52voKLqPMHfFn-Jrig_w\/viewform\" target=\"_blank\" rel=\"noopener noreferrer\">Valencia<\/a><\/strong>.<\/p>\n<p><em>\u00bfQui\u00e9n?<\/em><br>&#8211; mentorado\/a: 6-16 a\u00f1os<br>&#8211; mentor\/a: 18-30 a\u00f1os<br><em>\u00bfD\u00f3nde?<\/em> Barrios de Barcelona, Santa Coloma (y eventualmente Badalona y Barber\u00e0 del Vall\u00e8s) y barrios de Valencia<br><em>\u00bfCu\u00e1ndo?<\/em> 2 horas por semana<\/p>\n\n\n\n<div class=\"wp-block-buttons aligncenter is-layout-flex wp-block-buttons-is-layout-flex\">\n<div class=\"wp-block-button\"><a class=\"wp-block-button__link has-text-color has-very-light-gray-color has-background has-vivid-red-background-color\" href=\"https:\/\/entandem.cat\/es\/afev\/\" target=\"_blank\" rel=\"noreferrer noopener\">Tener m\u00e1s informaci\u00f3n<\/a><\/div>\n<\/div>\n\n\n\n<ul style=\"list-style-type: disc;\">\n<li>\n<h3>enT\u00e1ndem +<\/h3>\n<\/li>\n<\/ul>\n<p>Como su nombre lo indica, enT\u00e0ndem+ consiste en el programa enT\u00e0ndem M\u00c1S el <strong>acompa\u00f1amiento de los ni\u00f1os y ni\u00f1as a una actividad art\u00edstica<\/strong>. Este acompa\u00f1amiento es rotativo, as\u00ed que no deber\u00e1s ir cada semana, pero s\u00ed este programa pide proactividad. En otras palabras: tendr\u00e1s que empapar la camiseta!<\/p>\n<p><em>\u00bfQui\u00e9n?<\/em><br>&#8211; mentorado\/a: 10-12 a\u00f1os<br>&#8211; mentor\/a: 18-30 a\u00f1os<br><em>\u00bfD\u00f3nde?<\/em> Barrios de Barcelona (Bar\u00f3 de Viver, Bon Pastor, Carmel i Verdum)<br><em>\u00bfCu\u00e1ndo?<\/em> 2 horas por semana + acompa\u00f1amientos grupales rotativos a actividades art\u00edsticas (en promedio, una vez al mes)<\/p>\n\n\n\n<div class=\"wp-block-buttons aligncenter is-layout-flex wp-block-buttons-is-layout-flex\">\n<div class=\"wp-block-button\"><a class=\"wp-block-button__link has-text-color has-very-light-gray-color has-background has-vivid-red-background-color\" href=\"https:\/\/entandem.cat\/es\/afev\/\" target=\"_blank\" rel=\"noreferrer noopener\">Tener m\u00e1s informaci\u00f3n<\/a><\/div>\n<\/div>\n\n\n\n<ul style=\"list-style-type: disc;\">\n<li>\n<h3>Prometeus<\/h3>\n<\/li>\n<\/ul>\n<p>Prometeus nace con la voluntad de aumentar las expectativas educativas del alumnado de barrios vulnerables o en situaci\u00f3n de dificultad y democratizar la universidad. La mentor\u00eda se dirige a j\u00f3venes y se divide en dos partes:<\/p>\n<ul style=\"list-style-type: circle;\">\n<li>Ayudar a <strong>j\u00f3venes de institutos<\/strong>, informarlos y motivarlos para que sigan estudiando y contribuir a reducir los obst\u00e1culos que puedan encontrar en su camino hacia los estudios superiores.<\/li>\n<li>Acompa\u00f1ar a <strong>j\u00f3venes que acaban de ingresar a la universidad<\/strong> durante su primer a\u00f1o: la idea es ser un referente positivo para el o la joven y participar en su adaptaci\u00f3n a su nueva vida universitaria. La gran particularidad de esta modalidad es que el mentor sigue la <strong>misma carrera en la misma universidad<\/strong> que el mentorado.<br>Ahora mismo estamos en proceso de b\u00fasqueda de mentores para el curso de este a\u00f1o. No dudes en echar un vistazo a la <a href=\"https:\/\/afev.cat\/es\/buscamos-mentores-y-mentoras-en-la-universidad-para-nuevos-estudiantes\/\">convocatoria<\/a>.<\/li>\n<\/ul>\n<p><em>\u00bfQui\u00e9n?<\/em><br>&#8211; mentorado\/a: 16-20 a\u00f1os<br>&#8211; mentor\/a: 20-32 a\u00f1os<br><em>\u00bfD\u00f3nde?<\/em> Barrios de Barcelona (Zona Nord, Bes\u00f2s i Verneda)<br><em>\u00bfCu\u00e1ndo?<\/em> 2 horas por semana (para la mentor\u00eda al instituto) y 2 horas al mes (para la mentor\u00eda a la universidad)<\/p>\n\n\n\n<div class=\"wp-block-buttons aligncenter is-layout-flex wp-block-buttons-is-layout-flex\">\n<div class=\"wp-block-button\"><a class=\"wp-block-button__link has-text-color has-very-light-gray-color has-background has-vivid-red-background-color\" href=\"https:\/\/afev.cat\/es\/proyectos\/prometeus\/\">Tener m\u00e1s informaci\u00f3n<\/a><\/div>\n<\/div>\n\n\n\n<ul style=\"list-style-type: disc;\">\n<li>\n<h3>Zing<\/h3>\n<\/li>\n<\/ul>\n<p>Zing es un proyecto nacido del trabajo conjunto de dos entidades: Fundaci\u00f3 Nous Cims i la Coordinadora de Mentor\u00eda Social y est\u00e1 enfocado a <strong>j\u00f3venes que terminaron la ESO y tienen una vocaci\u00f3n para estudiar Ciclos Formativos de Grado Medio<\/strong>. Para acompa\u00f1arlos en este recorrido, la AFEV nos encargamos de ofrecerles un acompa\u00f1amiento por parte de un mentor o mentora. Buscamos a personas voluntarias con experiencia acad\u00e9mica y tambi\u00e9n en el mundo laboral para que puedan ayudar a los y las j\u00f3venes con las dudas o inseguridades que les pueden surgir.<\/p>\n<p><em>\u00bfQui\u00e9n?<\/em><br>&#8211; mentorado\/a: 16-19 a\u00f1os<br>&#8211; mentor\/a: 23-35 a\u00f1os<br><em>\u00bfD\u00f3nde?<\/em> Barrios de Barcelona, Badalona, Santa Coloma, Montcada i Reixac i Sant Vicen\u00e7 dels Horts<br><em>\u00bfCu\u00e1ndo?<\/em> 2 horas por semana<\/p>\n\n\n\n<div class=\"wp-block-buttons aligncenter is-layout-flex wp-block-buttons-is-layout-flex\">\n<div class=\"wp-block-button\"><a class=\"wp-block-button__link has-text-color has-very-light-gray-color has-background has-vivid-red-background-color\" href=\"https:\/\/afev.cat\/es\/proyectos\/zing\/\">Tener m\u00e1s informaci\u00f3n<\/a><\/div>\n<\/div>\n\n\n\n<ul style=\"list-style-type: disc;\">\n<li>\n<h3>Otros voluntariados<\/h3>\n<\/li>\n<\/ul>\n<p>\u00bfNinguna de estas opciones de voluntariado te corresponde? \u00a1Tenemos otra opci\u00f3n para t\u00ed!<\/p>\n<p>Participa al <strong>Cara a cara<\/strong> y compartir\u00e1s tu experiencia de <strong>recorrido formativo y educativo con alumnos de secundaria<\/strong> que quieren estudiar lo mismo que t\u00fa.<\/p>\n<p><em>\u00bfQui\u00e9n? <\/em>Personas que est\u00e1n estudiando o han estudiado a la universidad o CFGS (20-32 a\u00f1os)<br><em>\u00bfD\u00f3nde?<\/em> En tu facultad, en tu lugar de trabajo, en el barrio de origen de los j\u00f3venes o incluso virtualmente<br><em>\u00bfCu\u00e1ndo?<\/em> Cuando sea posible para t\u00ed. Hacemos sesiones \u00fanicas.<\/p>\n\n\n\n<div class=\"wp-block-buttons aligncenter is-layout-flex wp-block-buttons-is-layout-flex\">\n<div class=\"wp-block-button\"><a class=\"wp-block-button__link has-text-color has-very-light-gray-color has-background has-vivid-red-background-color\" href=\"https:\/\/afev.cat\/es\/voluntariado\/\">Tener m\u00e1s informaci\u00f3n <em>(la info detallada est\u00e1 al final de todo)<\/em><\/a><\/div>\n<\/div>\n\n\n","protected":false},"excerpt":{"rendered":"<p>Luchar contra las desigualdades puede tomar varias formas. Por eso, desde la AFEV, proponemos distintos tipos de voluntariado, todos basados en la mentor\u00eda social y educativa. Aqu\u00ed, te hacemos el listado: enT\u00e1ndem enT\u00e1ndem es el proyecto hist\u00f3rico de la Afev Catalu\u00f1a. Fue a partir de \u00e9l que desarrollamos nuestra metodolog\u00eda de la mentor\u00eda social y &hellip;<\/p>\n","protected":false},"author":1,"featured_media":8104,"comment_status":"closed","ping_status":"open","sticky":true,"template":"","format":"standard","meta":{"inline_featured_image":false,"footnotes":""},"categories":[650],"tags":[],"class_list":["post-8121","post","type-post","status-publish","format-standard","has-post-thumbnail","hentry","category-sabias-que"],"yoast_head":"<!-- This site is optimized with the Yoast SEO plugin v27.0 - https:\/\/yoast.com\/product\/yoast-seo-wordpress\/ -->\n<title>Estas son todas las opciones de voluntariado que ofrecemos - AFEV<\/title>\n<meta name=\"robots\" content=\"index, follow, max-snippet:-1, max-image-preview:large, max-video-preview:-1\" \/>\n<link rel=\"canonical\" href=\"https:\/\/afev.cat\/es\/estas-son-todas-las-opciones-de-voluntariado-que-ofrecemos\/\" \/>\n<meta property=\"og:locale\" content=\"es_ES\" \/>\n<meta property=\"og:type\" content=\"article\" \/>\n<meta property=\"og:title\" content=\"Estas son todas las opciones de voluntariado que ofrecemos - AFEV\" \/>\n<meta property=\"og:description\" content=\"Luchar contra las desigualdades puede tomar varias formas. Por eso, desde la AFEV, proponemos distintos tipos de voluntariado, todos basados en la mentor\u00eda social y educativa. Aqu\u00ed, te hacemos el listado: enT\u00e1ndem enT\u00e1ndem es el proyecto hist\u00f3rico de la Afev Catalu\u00f1a. Fue a partir de \u00e9l que desarrollamos nuestra metodolog\u00eda de la mentor\u00eda social y &hellip;\" \/>\n<meta property=\"og:url\" content=\"https:\/\/afev.cat\/es\/estas-son-todas-las-opciones-de-voluntariado-que-ofrecemos\/\" \/>\n<meta property=\"og:site_name\" content=\"AFEV\" \/>\n<meta property=\"article:publisher\" content=\"https:\/\/www.facebook.com\/afevcat\" \/>\n<meta property=\"article:published_time\" content=\"2020-10-23T12:17:53+00:00\" \/>\n<meta property=\"article:modified_time\" content=\"2020-10-26T11:44:30+00:00\" \/>\n<meta property=\"og:image\" content=\"https:\/\/afev.cat\/wp-content\/uploads\/2020\/10\/prometeus-1024x768-1.png\" \/>\n\t<meta property=\"og:image:width\" content=\"1024\" \/>\n\t<meta property=\"og:image:height\" content=\"768\" \/>\n\t<meta property=\"og:image:type\" content=\"image\/png\" \/>\n<meta name=\"author\" content=\"adminTandem\" \/>\n<meta name=\"twitter:card\" content=\"summary_large_image\" \/>\n<meta name=\"twitter:creator\" content=\"@afevcat\" \/>\n<meta name=\"twitter:site\" content=\"@afevcat\" \/>\n<meta name=\"twitter:label1\" content=\"Escrito por\" \/>\n\t<meta name=\"twitter:data1\" content=\"adminTandem\" \/>\n\t<meta name=\"twitter:label2\" content=\"Tiempo de lectura\" \/>\n\t<meta name=\"twitter:data2\" content=\"4 minutos\" \/>\n<script type=\"application\/ld+json\" class=\"yoast-schema-graph\">{\"@context\":\"https:\/\/schema.org\",\"@graph\":[{\"@type\":\"Article\",\"@id\":\"https:\/\/afev.cat\/es\/estas-son-todas-las-opciones-de-voluntariado-que-ofrecemos\/#article\",\"isPartOf\":{\"@id\":\"https:\/\/afev.cat\/es\/estas-son-todas-las-opciones-de-voluntariado-que-ofrecemos\/\"},\"author\":{\"name\":\"adminTandem\",\"@id\":\"https:\/\/afev.cat\/es\/#\/schema\/person\/2111428ce1954193a11054a1e2b5b0da\"},\"headline\":\"Estas son todas las opciones de voluntariado que ofrecemos\",\"datePublished\":\"2020-10-23T12:17:53+00:00\",\"dateModified\":\"2020-10-26T11:44:30+00:00\",\"mainEntityOfPage\":{\"@id\":\"https:\/\/afev.cat\/es\/estas-son-todas-las-opciones-de-voluntariado-que-ofrecemos\/\"},\"wordCount\":753,\"image\":{\"@id\":\"https:\/\/afev.cat\/es\/estas-son-todas-las-opciones-de-voluntariado-que-ofrecemos\/#primaryimage\"},\"thumbnailUrl\":\"https:\/\/afev.cat\/wp-content\/uploads\/2020\/10\/prometeus-1024x768-1.png\",\"articleSection\":[\"Sab\u00edas que\"],\"inLanguage\":\"es\"},{\"@type\":\"WebPage\",\"@id\":\"https:\/\/afev.cat\/es\/estas-son-todas-las-opciones-de-voluntariado-que-ofrecemos\/\",\"url\":\"https:\/\/afev.cat\/es\/estas-son-todas-las-opciones-de-voluntariado-que-ofrecemos\/\",\"name\":\"Estas son todas las opciones de voluntariado que ofrecemos - AFEV\",\"isPartOf\":{\"@id\":\"https:\/\/afev.cat\/es\/#website\"},\"primaryImageOfPage\":{\"@id\":\"https:\/\/afev.cat\/es\/estas-son-todas-las-opciones-de-voluntariado-que-ofrecemos\/#primaryimage\"},\"image\":{\"@id\":\"https:\/\/afev.cat\/es\/estas-son-todas-las-opciones-de-voluntariado-que-ofrecemos\/#primaryimage\"},\"thumbnailUrl\":\"https:\/\/afev.cat\/wp-content\/uploads\/2020\/10\/prometeus-1024x768-1.png\",\"datePublished\":\"2020-10-23T12:17:53+00:00\",\"dateModified\":\"2020-10-26T11:44:30+00:00\",\"author\":{\"@id\":\"https:\/\/afev.cat\/es\/#\/schema\/person\/2111428ce1954193a11054a1e2b5b0da\"},\"breadcrumb\":{\"@id\":\"https:\/\/afev.cat\/es\/estas-son-todas-las-opciones-de-voluntariado-que-ofrecemos\/#breadcrumb\"},\"inLanguage\":\"es\",\"potentialAction\":[{\"@type\":\"ReadAction\",\"target\":[\"https:\/\/afev.cat\/es\/estas-son-todas-las-opciones-de-voluntariado-que-ofrecemos\/\"]}]},{\"@type\":\"ImageObject\",\"inLanguage\":\"es\",\"@id\":\"https:\/\/afev.cat\/es\/estas-son-todas-las-opciones-de-voluntariado-que-ofrecemos\/#primaryimage\",\"url\":\"https:\/\/afev.cat\/wp-content\/uploads\/2020\/10\/prometeus-1024x768-1.png\",\"contentUrl\":\"https:\/\/afev.cat\/wp-content\/uploads\/2020\/10\/prometeus-1024x768-1.png\",\"width\":1024,\"height\":768},{\"@type\":\"BreadcrumbList\",\"@id\":\"https:\/\/afev.cat\/es\/estas-son-todas-las-opciones-de-voluntariado-que-ofrecemos\/#breadcrumb\",\"itemListElement\":[{\"@type\":\"ListItem\",\"position\":1,\"name\":\"Inici\",\"item\":\"https:\/\/afev.cat\/es\/\"},{\"@type\":\"ListItem\",\"position\":2,\"name\":\"Estas son todas las opciones de voluntariado que ofrecemos\"}]},{\"@type\":\"WebSite\",\"@id\":\"https:\/\/afev.cat\/es\/#website\",\"url\":\"https:\/\/afev.cat\/es\/\",\"name\":\"AFEV\",\"description\":\"Voluntariat social entre joves\",\"potentialAction\":[{\"@type\":\"SearchAction\",\"target\":{\"@type\":\"EntryPoint\",\"urlTemplate\":\"https:\/\/afev.cat\/es\/?s={search_term_string}\"},\"query-input\":{\"@type\":\"PropertyValueSpecification\",\"valueRequired\":true,\"valueName\":\"search_term_string\"}}],\"inLanguage\":\"es\"},{\"@type\":\"Person\",\"@id\":\"https:\/\/afev.cat\/es\/#\/schema\/person\/2111428ce1954193a11054a1e2b5b0da\",\"name\":\"adminTandem\",\"url\":\"https:\/\/afev.cat\/es\/author\/admintandem\/\"}]}<\/script>\n<!-- \/ Yoast SEO plugin. -->","yoast_head_json":{"title":"Estas son todas las opciones de voluntariado que ofrecemos - AFEV","robots":{"index":"index","follow":"follow","max-snippet":"max-snippet:-1","max-image-preview":"max-image-preview:large","max-video-preview":"max-video-preview:-1"},"canonical":"https:\/\/afev.cat\/es\/estas-son-todas-las-opciones-de-voluntariado-que-ofrecemos\/","og_locale":"es_ES","og_type":"article","og_title":"Estas son todas las opciones de voluntariado que ofrecemos - AFEV","og_description":"Luchar contra las desigualdades puede tomar varias formas. Por eso, desde la AFEV, proponemos distintos tipos de voluntariado, todos basados en la mentor\u00eda social y educativa. Aqu\u00ed, te hacemos el listado: enT\u00e1ndem enT\u00e1ndem es el proyecto hist\u00f3rico de la Afev Catalu\u00f1a. Fue a partir de \u00e9l que desarrollamos nuestra metodolog\u00eda de la mentor\u00eda social y &hellip;","og_url":"https:\/\/afev.cat\/es\/estas-son-todas-las-opciones-de-voluntariado-que-ofrecemos\/","og_site_name":"AFEV","article_publisher":"https:\/\/www.facebook.com\/afevcat","article_published_time":"2020-10-23T12:17:53+00:00","article_modified_time":"2020-10-26T11:44:30+00:00","og_image":[{"width":1024,"height":768,"url":"https:\/\/afev.cat\/wp-content\/uploads\/2020\/10\/prometeus-1024x768-1.png","type":"image\/png"}],"author":"adminTandem","twitter_card":"summary_large_image","twitter_creator":"@afevcat","twitter_site":"@afevcat","twitter_misc":{"Escrito por":"adminTandem","Tiempo de lectura":"4 minutos"},"schema":{"@context":"https:\/\/schema.org","@graph":[{"@type":"Article","@id":"https:\/\/afev.cat\/es\/estas-son-todas-las-opciones-de-voluntariado-que-ofrecemos\/#article","isPartOf":{"@id":"https:\/\/afev.cat\/es\/estas-son-todas-las-opciones-de-voluntariado-que-ofrecemos\/"},"author":{"name":"adminTandem","@id":"https:\/\/afev.cat\/es\/#\/schema\/person\/2111428ce1954193a11054a1e2b5b0da"},"headline":"Estas son todas las opciones de voluntariado que ofrecemos","datePublished":"2020-10-23T12:17:53+00:00","dateModified":"2020-10-26T11:44:30+00:00","mainEntityOfPage":{"@id":"https:\/\/afev.cat\/es\/estas-son-todas-las-opciones-de-voluntariado-que-ofrecemos\/"},"wordCount":753,"image":{"@id":"https:\/\/afev.cat\/es\/estas-son-todas-las-opciones-de-voluntariado-que-ofrecemos\/#primaryimage"},"thumbnailUrl":"https:\/\/afev.cat\/wp-content\/uploads\/2020\/10\/prometeus-1024x768-1.png","articleSection":["Sab\u00edas que"],"inLanguage":"es"},{"@type":"WebPage","@id":"https:\/\/afev.cat\/es\/estas-son-todas-las-opciones-de-voluntariado-que-ofrecemos\/","url":"https:\/\/afev.cat\/es\/estas-son-todas-las-opciones-de-voluntariado-que-ofrecemos\/","name":"Estas son todas las opciones de voluntariado que ofrecemos - AFEV","isPartOf":{"@id":"https:\/\/afev.cat\/es\/#website"},"primaryImageOfPage":{"@id":"https:\/\/afev.cat\/es\/estas-son-todas-las-opciones-de-voluntariado-que-ofrecemos\/#primaryimage"},"image":{"@id":"https:\/\/afev.cat\/es\/estas-son-todas-las-opciones-de-voluntariado-que-ofrecemos\/#primaryimage"},"thumbnailUrl":"https:\/\/afev.cat\/wp-content\/uploads\/2020\/10\/prometeus-1024x768-1.png","datePublished":"2020-10-23T12:17:53+00:00","dateModified":"2020-10-26T11:44:30+00:00","author":{"@id":"https:\/\/afev.cat\/es\/#\/schema\/person\/2111428ce1954193a11054a1e2b5b0da"},"breadcrumb":{"@id":"https:\/\/afev.cat\/es\/estas-son-todas-las-opciones-de-voluntariado-que-ofrecemos\/#breadcrumb"},"inLanguage":"es","potentialAction":[{"@type":"ReadAction","target":["https:\/\/afev.cat\/es\/estas-son-todas-las-opciones-de-voluntariado-que-ofrecemos\/"]}]},{"@type":"ImageObject","inLanguage":"es","@id":"https:\/\/afev.cat\/es\/estas-son-todas-las-opciones-de-voluntariado-que-ofrecemos\/#primaryimage","url":"https:\/\/afev.cat\/wp-content\/uploads\/2020\/10\/prometeus-1024x768-1.png","contentUrl":"https:\/\/afev.cat\/wp-content\/uploads\/2020\/10\/prometeus-1024x768-1.png","width":1024,"height":768},{"@type":"BreadcrumbList","@id":"https:\/\/afev.cat\/es\/estas-son-todas-las-opciones-de-voluntariado-que-ofrecemos\/#breadcrumb","itemListElement":[{"@type":"ListItem","position":1,"name":"Inici","item":"https:\/\/afev.cat\/es\/"},{"@type":"ListItem","position":2,"name":"Estas son todas las opciones de voluntariado que ofrecemos"}]},{"@type":"WebSite","@id":"https:\/\/afev.cat\/es\/#website","url":"https:\/\/afev.cat\/es\/","name":"AFEV","description":"Voluntariat social entre joves","potentialAction":[{"@type":"SearchAction","target":{"@type":"EntryPoint","urlTemplate":"https:\/\/afev.cat\/es\/?s={search_term_string}"},"query-input":{"@type":"PropertyValueSpecification","valueRequired":true,"valueName":"search_term_string"}}],"inLanguage":"es"},{"@type":"Person","@id":"https:\/\/afev.cat\/es\/#\/schema\/person\/2111428ce1954193a11054a1e2b5b0da","name":"adminTandem","url":"https:\/\/afev.cat\/es\/author\/admintandem\/"}]}},"_links":{"self":[{"href":"https:\/\/afev.cat\/es\/wp-json\/wp\/v2\/posts\/8121","targetHints":{"allow":["GET"]}}],"collection":[{"href":"https:\/\/afev.cat\/es\/wp-json\/wp\/v2\/posts"}],"about":[{"href":"https:\/\/afev.cat\/es\/wp-json\/wp\/v2\/types\/post"}],"author":[{"embeddable":true,"href":"https:\/\/afev.cat\/es\/wp-json\/wp\/v2\/users\/1"}],"replies":[{"embeddable":true,"href":"https:\/\/afev.cat\/es\/wp-json\/wp\/v2\/comments?post=8121"}],"version-history":[{"count":6,"href":"https:\/\/afev.cat\/es\/wp-json\/wp\/v2\/posts\/8121\/revisions"}],"predecessor-version":[{"id":8129,"href":"https:\/\/afev.cat\/es\/wp-json\/wp\/v2\/posts\/8121\/revisions\/8129"}],"wp:featuredmedia":[{"embeddable":true,"href":"https:\/\/afev.cat\/es\/wp-json\/wp\/v2\/media\/8104"}],"wp:attachment":[{"href":"https:\/\/afev.cat\/es\/wp-json\/wp\/v2\/media?parent=8121"}],"wp:term":[{"taxonomy":"category","embeddable":true,"href":"https:\/\/afev.cat\/es\/wp-json\/wp\/v2\/categories?post=8121"},{"taxonomy":"post_tag","embeddable":true,"href":"https:\/\/afev.cat\/es\/wp-json\/wp\/v2\/tags?post=8121"}],"curies":[{"name":"wp","href":"https:\/\/api.w.org\/{rel}","templated":true}]}}