{"id":7929,"date":"2021-11-02T13:34:00","date_gmt":"2021-11-02T12:34:00","guid":{"rendered":"https:\/\/afev.cat\/?p=7929"},"modified":"2021-11-03T10:34:50","modified_gmt":"2021-11-03T09:34:50","slug":"buscamos-mentores-y-mentoras-en-la-universidad-para-nuevos-estudiantes","status":"publish","type":"post","link":"https:\/\/afev.cat\/es\/buscamos-mentores-y-mentoras-en-la-universidad-para-nuevos-estudiantes\/","title":{"rendered":"\u00a1Buscamos mentores y mentoras en la universidad para nuevos estudiantes!"},"content":{"rendered":"\n<p>\u00bfTienes una tarde libre cada 15 d\u00edas? \u00a1S\u00e9 mentor o mentora de un joven universitario que acaba de empezar sus estudios!<\/p>\n<p>En AFEV buscamos <strong>mentores y mentoras para UniMentor<\/strong>, una modalidad de mentor\u00eda en el marco del programa <a href=\"https:\/\/afev.cat\/es\/proyectos\/prometeus\/\">Prometeus<\/a> para <strong>acompa\u00f1ar chicos y chicas que acaban de comenzar su primer curso en la universidad<\/strong>.<\/p>\n<p>Como mentor o mentora, ser\u00e1s un <strong>referente positivo<\/strong> para el chico o la chica, le ayudar\u00e1s a transitar en esta nueva etapa educativa, podr\u00e1s <strong>motivarle y darle confianza<\/strong>, fomentar\u00e1s su autonom\u00eda e <strong>integraci\u00f3n a la vida universitaria con \u00e9xito<\/strong>.<\/p>\n<p>En Prometeus queremos ampliar las expectativas educativas del alumnado de secundaria de barrios en situaci\u00f3n de dificultad y <strong>democratizar la educaci\u00f3n superior<\/strong>. \u00bfSab\u00edas que las personas de nivel socio-econ\u00f3mico alto representan el <strong>43,6% del conjunto de universitarias<\/strong>?<\/p>\n<p>La actividad voluntaria consiste en realizar un acompa\u00f1amiento acad\u00e9mico, social y personal a la persona que acaba de acceder a la universidad durante todo el curso acad\u00e9mico en el mismo centro universitario.<\/p>\n<p><strong>Buscamos j\u00f3venes que est\u00e9n cursando o hayan cursado los mismos grados universitarios que los y las j\u00f3venes participantes en UniMentor<\/strong>. Son los siguientes:<\/p>\n<ul>\n<li><a href=\"https:\/\/afev.cat\/wp-content\/uploads\/2021\/11\/Enginyeria-en-Geoinformaci%C3%B3.docx.pdf\">Ingenier\u00eda en Geoinformaci\u00f3n \u2013 UPC (Zona Universit\u00e0ria)<\/a><\/li>\n<li><a href=\"https:\/\/afev.cat\/wp-content\/uploads\/2021\/11\/Enginyeria-Electr%C3%B2nica-de-Telecomunicaci%C3%B3.docx.pdf\">Ingenier\u00eda Electr\u00f3nica de Telecomunicaci\u00f3n \u2013 UPC (Zona Universit\u00e0ria)<\/a><\/li>\n<li><a href=\"https:\/\/afev.cat\/wp-content\/uploads\/2021\/11\/Enginyeria-aliment%C3%A0ria.docx.pdf\">Ingenier\u00eda Alimentaria \u2013 UPC (Castelldefels)<\/a><\/li>\n<li><a href=\"https:\/\/afev.cat\/wp-content\/uploads\/2021\/11\/Pedagogia.docx.pdf\">Pedagog\u00eda \u2013 UB<\/a><\/li>\n<li><a href=\"https:\/\/afev.cat\/wp-content\/uploads\/2021\/11\/Crida-Veterinaria-UAB.pdf\">Veterinaria \u2013 UAB<\/a><\/li>\n<li><a href=\"https:\/\/afev.cat\/wp-content\/uploads\/2021\/11\/Crida-Traducci%C3%B3-UAB.pdf\">Traducci\u00f3n e Interpretaci\u00f3n (Alem\u00e1n o Franc\u00e9s) \u2013 UAB<\/a><\/li>\n<li><a href=\"https:\/\/afev.cat\/wp-content\/uploads\/2021\/11\/Crida-Educaci%C3%B3-Infantil-UAB.pdf\">Educaci\u00f3n Infantil \u2013 UAB<\/a><\/li>\n<li><a href=\"https:\/\/afev.cat\/wp-content\/uploads\/2021\/11\/Crida-Comptabilitat-UAB.pdf\">Contabilidad y Finanzas \u2013 UAB<\/a><\/li>\n<li><a href=\"https:\/\/afev.cat\/wp-content\/uploads\/2021\/11\/M%C3%A0rqueting-i-Investigaci%C3%B3-de-Mercats.docx.pdf\">Marketing e Investigaci\u00f3n de Mercados \u2013 UOC<\/a><\/li>\n<\/ul>\n<p>\u00bfTe gustar\u00eda participar? \u00bfConoces a alguien que podr\u00eda estar interesado o interesada? <strong>\u00a1No dudes en contactarnos, te esperamos!<\/strong> <a href=\"mailto:prometeus@afev.org\">prometeus@afev.org<\/a> \/ 692804285<\/p>\n","protected":false},"excerpt":{"rendered":"<p>\u00bfTienes una tarde libre cada 15 d\u00edas? \u00a1S\u00e9 mentor o mentora de un joven universitario que acaba de empezar sus estudios! En AFEV buscamos mentores y mentoras para UniMentor, una modalidad de mentor\u00eda en el marco del programa Prometeus para acompa\u00f1ar chicos y chicas que acaban de comenzar su primer curso en la universidad. Como &hellip;<\/p>\n","protected":false},"author":1,"featured_media":7923,"comment_status":"closed","ping_status":"open","sticky":false,"template":"","format":"standard","meta":{"inline_featured_image":false,"footnotes":""},"categories":[650],"tags":[668],"class_list":["post-7929","post","type-post","status-publish","format-standard","has-post-thumbnail","hentry","category-sabias-que","tag-prometeus-es"],"yoast_head":"<!-- This site is optimized with the Yoast SEO plugin v27.0 - https:\/\/yoast.com\/product\/yoast-seo-wordpress\/ -->\n<title>\u00a1Buscamos mentores y mentoras en la universidad para nuevos estudiantes! - AFEV<\/title>\n<meta name=\"robots\" content=\"index, follow, max-snippet:-1, max-image-preview:large, max-video-preview:-1\" \/>\n<link rel=\"canonical\" href=\"https:\/\/afev.cat\/es\/buscamos-mentores-y-mentoras-en-la-universidad-para-nuevos-estudiantes\/\" \/>\n<meta property=\"og:locale\" content=\"es_ES\" \/>\n<meta property=\"og:type\" content=\"article\" \/>\n<meta property=\"og:title\" content=\"\u00a1Buscamos mentores y mentoras en la universidad para nuevos estudiantes! - AFEV\" \/>\n<meta property=\"og:description\" content=\"\u00bfTienes una tarde libre cada 15 d\u00edas? \u00a1S\u00e9 mentor o mentora de un joven universitario que acaba de empezar sus estudios! En AFEV buscamos mentores y mentoras para UniMentor, una modalidad de mentor\u00eda en el marco del programa Prometeus para acompa\u00f1ar chicos y chicas que acaban de comenzar su primer curso en la universidad. Como &hellip;\" \/>\n<meta property=\"og:url\" content=\"https:\/\/afev.cat\/es\/buscamos-mentores-y-mentoras-en-la-universidad-para-nuevos-estudiantes\/\" \/>\n<meta property=\"og:site_name\" content=\"AFEV\" \/>\n<meta property=\"article:publisher\" content=\"https:\/\/www.facebook.com\/afevcat\" \/>\n<meta property=\"article:published_time\" content=\"2021-11-02T12:34:00+00:00\" \/>\n<meta property=\"article:modified_time\" content=\"2021-11-03T09:34:50+00:00\" \/>\n<meta property=\"og:image\" content=\"https:\/\/afev.cat\/wp-content\/uploads\/2020\/10\/JuliaChayma.jpeg\" \/>\n\t<meta property=\"og:image:width\" content=\"1599\" \/>\n\t<meta property=\"og:image:height\" content=\"1200\" \/>\n\t<meta property=\"og:image:type\" content=\"image\/jpeg\" \/>\n<meta name=\"author\" content=\"adminTandem\" \/>\n<meta name=\"twitter:card\" content=\"summary_large_image\" \/>\n<meta name=\"twitter:creator\" content=\"@afevcat\" \/>\n<meta name=\"twitter:site\" content=\"@afevcat\" \/>\n<meta name=\"twitter:label1\" content=\"Escrito por\" \/>\n\t<meta name=\"twitter:data1\" content=\"adminTandem\" \/>\n\t<meta name=\"twitter:label2\" content=\"Tiempo de lectura\" \/>\n\t<meta name=\"twitter:data2\" content=\"1 minuto\" \/>\n<script type=\"application\/ld+json\" class=\"yoast-schema-graph\">{\"@context\":\"https:\/\/schema.org\",\"@graph\":[{\"@type\":\"Article\",\"@id\":\"https:\/\/afev.cat\/es\/buscamos-mentores-y-mentoras-en-la-universidad-para-nuevos-estudiantes\/#article\",\"isPartOf\":{\"@id\":\"https:\/\/afev.cat\/es\/buscamos-mentores-y-mentoras-en-la-universidad-para-nuevos-estudiantes\/\"},\"author\":{\"name\":\"adminTandem\",\"@id\":\"https:\/\/afev.cat\/es\/#\/schema\/person\/2111428ce1954193a11054a1e2b5b0da\"},\"headline\":\"\u00a1Buscamos mentores y mentoras en la universidad para nuevos estudiantes!\",\"datePublished\":\"2021-11-02T12:34:00+00:00\",\"dateModified\":\"2021-11-03T09:34:50+00:00\",\"mainEntityOfPage\":{\"@id\":\"https:\/\/afev.cat\/es\/buscamos-mentores-y-mentoras-en-la-universidad-para-nuevos-estudiantes\/\"},\"wordCount\":291,\"image\":{\"@id\":\"https:\/\/afev.cat\/es\/buscamos-mentores-y-mentoras-en-la-universidad-para-nuevos-estudiantes\/#primaryimage\"},\"thumbnailUrl\":\"https:\/\/afev.cat\/wp-content\/uploads\/2020\/10\/JuliaChayma.jpeg\",\"keywords\":[\"Prometeus\"],\"articleSection\":[\"Sab\u00edas que\"],\"inLanguage\":\"es\"},{\"@type\":\"WebPage\",\"@id\":\"https:\/\/afev.cat\/es\/buscamos-mentores-y-mentoras-en-la-universidad-para-nuevos-estudiantes\/\",\"url\":\"https:\/\/afev.cat\/es\/buscamos-mentores-y-mentoras-en-la-universidad-para-nuevos-estudiantes\/\",\"name\":\"\u00a1Buscamos mentores y mentoras en la universidad para nuevos estudiantes! - AFEV\",\"isPartOf\":{\"@id\":\"https:\/\/afev.cat\/es\/#website\"},\"primaryImageOfPage\":{\"@id\":\"https:\/\/afev.cat\/es\/buscamos-mentores-y-mentoras-en-la-universidad-para-nuevos-estudiantes\/#primaryimage\"},\"image\":{\"@id\":\"https:\/\/afev.cat\/es\/buscamos-mentores-y-mentoras-en-la-universidad-para-nuevos-estudiantes\/#primaryimage\"},\"thumbnailUrl\":\"https:\/\/afev.cat\/wp-content\/uploads\/2020\/10\/JuliaChayma.jpeg\",\"datePublished\":\"2021-11-02T12:34:00+00:00\",\"dateModified\":\"2021-11-03T09:34:50+00:00\",\"author\":{\"@id\":\"https:\/\/afev.cat\/es\/#\/schema\/person\/2111428ce1954193a11054a1e2b5b0da\"},\"breadcrumb\":{\"@id\":\"https:\/\/afev.cat\/es\/buscamos-mentores-y-mentoras-en-la-universidad-para-nuevos-estudiantes\/#breadcrumb\"},\"inLanguage\":\"es\",\"potentialAction\":[{\"@type\":\"ReadAction\",\"target\":[\"https:\/\/afev.cat\/es\/buscamos-mentores-y-mentoras-en-la-universidad-para-nuevos-estudiantes\/\"]}]},{\"@type\":\"ImageObject\",\"inLanguage\":\"es\",\"@id\":\"https:\/\/afev.cat\/es\/buscamos-mentores-y-mentoras-en-la-universidad-para-nuevos-estudiantes\/#primaryimage\",\"url\":\"https:\/\/afev.cat\/wp-content\/uploads\/2020\/10\/JuliaChayma.jpeg\",\"contentUrl\":\"https:\/\/afev.cat\/wp-content\/uploads\/2020\/10\/JuliaChayma.jpeg\",\"width\":1599,\"height\":1200,\"caption\":\"Un t\u00e0ndem d'UniMentor\"},{\"@type\":\"BreadcrumbList\",\"@id\":\"https:\/\/afev.cat\/es\/buscamos-mentores-y-mentoras-en-la-universidad-para-nuevos-estudiantes\/#breadcrumb\",\"itemListElement\":[{\"@type\":\"ListItem\",\"position\":1,\"name\":\"Inici\",\"item\":\"https:\/\/afev.cat\/es\/\"},{\"@type\":\"ListItem\",\"position\":2,\"name\":\"\u00a1Buscamos mentores y mentoras en la universidad para nuevos estudiantes!\"}]},{\"@type\":\"WebSite\",\"@id\":\"https:\/\/afev.cat\/es\/#website\",\"url\":\"https:\/\/afev.cat\/es\/\",\"name\":\"AFEV\",\"description\":\"Voluntariat social entre joves\",\"potentialAction\":[{\"@type\":\"SearchAction\",\"target\":{\"@type\":\"EntryPoint\",\"urlTemplate\":\"https:\/\/afev.cat\/es\/?s={search_term_string}\"},\"query-input\":{\"@type\":\"PropertyValueSpecification\",\"valueRequired\":true,\"valueName\":\"search_term_string\"}}],\"inLanguage\":\"es\"},{\"@type\":\"Person\",\"@id\":\"https:\/\/afev.cat\/es\/#\/schema\/person\/2111428ce1954193a11054a1e2b5b0da\",\"name\":\"adminTandem\",\"url\":\"https:\/\/afev.cat\/es\/author\/admintandem\/\"}]}<\/script>\n<!-- \/ Yoast SEO plugin. -->","yoast_head_json":{"title":"\u00a1Buscamos mentores y mentoras en la universidad para nuevos estudiantes! - AFEV","robots":{"index":"index","follow":"follow","max-snippet":"max-snippet:-1","max-image-preview":"max-image-preview:large","max-video-preview":"max-video-preview:-1"},"canonical":"https:\/\/afev.cat\/es\/buscamos-mentores-y-mentoras-en-la-universidad-para-nuevos-estudiantes\/","og_locale":"es_ES","og_type":"article","og_title":"\u00a1Buscamos mentores y mentoras en la universidad para nuevos estudiantes! - AFEV","og_description":"\u00bfTienes una tarde libre cada 15 d\u00edas? \u00a1S\u00e9 mentor o mentora de un joven universitario que acaba de empezar sus estudios! En AFEV buscamos mentores y mentoras para UniMentor, una modalidad de mentor\u00eda en el marco del programa Prometeus para acompa\u00f1ar chicos y chicas que acaban de comenzar su primer curso en la universidad. Como &hellip;","og_url":"https:\/\/afev.cat\/es\/buscamos-mentores-y-mentoras-en-la-universidad-para-nuevos-estudiantes\/","og_site_name":"AFEV","article_publisher":"https:\/\/www.facebook.com\/afevcat","article_published_time":"2021-11-02T12:34:00+00:00","article_modified_time":"2021-11-03T09:34:50+00:00","og_image":[{"width":1599,"height":1200,"url":"https:\/\/afev.cat\/wp-content\/uploads\/2020\/10\/JuliaChayma.jpeg","type":"image\/jpeg"}],"author":"adminTandem","twitter_card":"summary_large_image","twitter_creator":"@afevcat","twitter_site":"@afevcat","twitter_misc":{"Escrito por":"adminTandem","Tiempo de lectura":"1 minuto"},"schema":{"@context":"https:\/\/schema.org","@graph":[{"@type":"Article","@id":"https:\/\/afev.cat\/es\/buscamos-mentores-y-mentoras-en-la-universidad-para-nuevos-estudiantes\/#article","isPartOf":{"@id":"https:\/\/afev.cat\/es\/buscamos-mentores-y-mentoras-en-la-universidad-para-nuevos-estudiantes\/"},"author":{"name":"adminTandem","@id":"https:\/\/afev.cat\/es\/#\/schema\/person\/2111428ce1954193a11054a1e2b5b0da"},"headline":"\u00a1Buscamos mentores y mentoras en la universidad para nuevos estudiantes!","datePublished":"2021-11-02T12:34:00+00:00","dateModified":"2021-11-03T09:34:50+00:00","mainEntityOfPage":{"@id":"https:\/\/afev.cat\/es\/buscamos-mentores-y-mentoras-en-la-universidad-para-nuevos-estudiantes\/"},"wordCount":291,"image":{"@id":"https:\/\/afev.cat\/es\/buscamos-mentores-y-mentoras-en-la-universidad-para-nuevos-estudiantes\/#primaryimage"},"thumbnailUrl":"https:\/\/afev.cat\/wp-content\/uploads\/2020\/10\/JuliaChayma.jpeg","keywords":["Prometeus"],"articleSection":["Sab\u00edas que"],"inLanguage":"es"},{"@type":"WebPage","@id":"https:\/\/afev.cat\/es\/buscamos-mentores-y-mentoras-en-la-universidad-para-nuevos-estudiantes\/","url":"https:\/\/afev.cat\/es\/buscamos-mentores-y-mentoras-en-la-universidad-para-nuevos-estudiantes\/","name":"\u00a1Buscamos mentores y mentoras en la universidad para nuevos estudiantes! - AFEV","isPartOf":{"@id":"https:\/\/afev.cat\/es\/#website"},"primaryImageOfPage":{"@id":"https:\/\/afev.cat\/es\/buscamos-mentores-y-mentoras-en-la-universidad-para-nuevos-estudiantes\/#primaryimage"},"image":{"@id":"https:\/\/afev.cat\/es\/buscamos-mentores-y-mentoras-en-la-universidad-para-nuevos-estudiantes\/#primaryimage"},"thumbnailUrl":"https:\/\/afev.cat\/wp-content\/uploads\/2020\/10\/JuliaChayma.jpeg","datePublished":"2021-11-02T12:34:00+00:00","dateModified":"2021-11-03T09:34:50+00:00","author":{"@id":"https:\/\/afev.cat\/es\/#\/schema\/person\/2111428ce1954193a11054a1e2b5b0da"},"breadcrumb":{"@id":"https:\/\/afev.cat\/es\/buscamos-mentores-y-mentoras-en-la-universidad-para-nuevos-estudiantes\/#breadcrumb"},"inLanguage":"es","potentialAction":[{"@type":"ReadAction","target":["https:\/\/afev.cat\/es\/buscamos-mentores-y-mentoras-en-la-universidad-para-nuevos-estudiantes\/"]}]},{"@type":"ImageObject","inLanguage":"es","@id":"https:\/\/afev.cat\/es\/buscamos-mentores-y-mentoras-en-la-universidad-para-nuevos-estudiantes\/#primaryimage","url":"https:\/\/afev.cat\/wp-content\/uploads\/2020\/10\/JuliaChayma.jpeg","contentUrl":"https:\/\/afev.cat\/wp-content\/uploads\/2020\/10\/JuliaChayma.jpeg","width":1599,"height":1200,"caption":"Un t\u00e0ndem d'UniMentor"},{"@type":"BreadcrumbList","@id":"https:\/\/afev.cat\/es\/buscamos-mentores-y-mentoras-en-la-universidad-para-nuevos-estudiantes\/#breadcrumb","itemListElement":[{"@type":"ListItem","position":1,"name":"Inici","item":"https:\/\/afev.cat\/es\/"},{"@type":"ListItem","position":2,"name":"\u00a1Buscamos mentores y mentoras en la universidad para nuevos estudiantes!"}]},{"@type":"WebSite","@id":"https:\/\/afev.cat\/es\/#website","url":"https:\/\/afev.cat\/es\/","name":"AFEV","description":"Voluntariat social entre joves","potentialAction":[{"@type":"SearchAction","target":{"@type":"EntryPoint","urlTemplate":"https:\/\/afev.cat\/es\/?s={search_term_string}"},"query-input":{"@type":"PropertyValueSpecification","valueRequired":true,"valueName":"search_term_string"}}],"inLanguage":"es"},{"@type":"Person","@id":"https:\/\/afev.cat\/es\/#\/schema\/person\/2111428ce1954193a11054a1e2b5b0da","name":"adminTandem","url":"https:\/\/afev.cat\/es\/author\/admintandem\/"}]}},"_links":{"self":[{"href":"https:\/\/afev.cat\/es\/wp-json\/wp\/v2\/posts\/7929","targetHints":{"allow":["GET"]}}],"collection":[{"href":"https:\/\/afev.cat\/es\/wp-json\/wp\/v2\/posts"}],"about":[{"href":"https:\/\/afev.cat\/es\/wp-json\/wp\/v2\/types\/post"}],"author":[{"embeddable":true,"href":"https:\/\/afev.cat\/es\/wp-json\/wp\/v2\/users\/1"}],"replies":[{"embeddable":true,"href":"https:\/\/afev.cat\/es\/wp-json\/wp\/v2\/comments?post=7929"}],"version-history":[{"count":14,"href":"https:\/\/afev.cat\/es\/wp-json\/wp\/v2\/posts\/7929\/revisions"}],"predecessor-version":[{"id":9190,"href":"https:\/\/afev.cat\/es\/wp-json\/wp\/v2\/posts\/7929\/revisions\/9190"}],"wp:featuredmedia":[{"embeddable":true,"href":"https:\/\/afev.cat\/es\/wp-json\/wp\/v2\/media\/7923"}],"wp:attachment":[{"href":"https:\/\/afev.cat\/es\/wp-json\/wp\/v2\/media?parent=7929"}],"wp:term":[{"taxonomy":"category","embeddable":true,"href":"https:\/\/afev.cat\/es\/wp-json\/wp\/v2\/categories?post=7929"},{"taxonomy":"post_tag","embeddable":true,"href":"https:\/\/afev.cat\/es\/wp-json\/wp\/v2\/tags?post=7929"}],"curies":[{"name":"wp","href":"https:\/\/api.w.org\/{rel}","templated":true}]}}