{"id":7786,"date":"2017-12-29T15:45:00","date_gmt":"2017-12-29T14:45:00","guid":{"rendered":"https:\/\/afev.cat\/?p=7786"},"modified":"2020-09-29T11:11:15","modified_gmt":"2020-09-29T09:11:15","slug":"manifesto-afev-10-anos","status":"publish","type":"post","link":"https:\/\/afev.cat\/es\/manifesto-afev-10-anos\/","title":{"rendered":"Manifesto AFEV 10 A\u00f1os"},"content":{"rendered":"\n<h5><strong>Ideario y reivindicaciones de los 10 a\u00f1os del AFEV Catalu\u00f1a.<\/strong><\/h5>\n<h5><em>Somos una entidad sin \u00e1nimo de lucro que nace en Francia en 1991 como un movimiento de educaci\u00f3n no formal y con el objetivo de ser una contribuci\u00f3n ciudadana a las pol\u00edticas sociales de la ciudad. Promovemos el voluntariado social universitario para luchar contra las desigualdades sociales, colaborando en acciones de solidaridad, en particular en territorios con dificultades. Queremos crear un v\u00ednculo entre dos juventudes que, normalmente, no tienen ocasi\u00f3n de encontrarse: los ni\u00f1os y j\u00f3venes en dificultad escolar y social y los estudiantes universitarios.<\/em><\/h5>\n<h5><em>Fomentar el voluntariado es, para nosotros, algo vertebral, entendiendo que este objetivo constituye una potente herramienta a la hora de crear una ciudadan\u00eda activa, cr\u00edtica, solidaria y conocedora de su entorno. Una ciudadan\u00eda que se sienta interpelada para transformar todas aquellas cosas que la indignan. El proceso individual de politizaci\u00f3n del voluntariado, adem\u00e1s, se consolida con las acciones que realizan el marco comunitario donde desarrollamos nuestros proyectos: acciones que, cotidianamente y de forma casi imperceptible, van agrietando las situaciones de exclusi\u00f3n de los barrios, contribuyendo a la cohesi\u00f3n y a la mejora de la calidad de vida de sus vecinas y vecinos.<\/em><\/h5>\n<p>\u00a0<\/p>\n<h2>10 a\u00f1os de historias, 10 a\u00f1os de vivencias, 10 a\u00f1os de compromiso\u2026 10 ejes de lucha<\/h2>\n<p>\u00a0<\/p>\n<ol>\n<li><strong>VOLUNTARIADO.\u00a0<em>Reivindicamos <\/em><\/strong>el papel de la juventud como parte imprescindible de una ciudadan\u00eda activa, comprometida, solidaria y cr\u00edtica con el mundo que lo rodea: una ciudadan\u00eda que se sienta interpelada y alentada por transformar todas aquellas cosas que la indignan.<\/li>\n<\/ol>\n<p><strong>\u00a0<\/strong><\/p>\n<ol start=\"2\">\n<li>\u00a0<strong>MENTOR\u00cdA<\/strong>.\u00a0<em><strong>Promovemos<\/strong><\/em>\u00a0la mentor\u00eda social y educativa como herramienta de intervenci\u00f3n social con enormes potenciales. El guiaje y apoyo individual que hacen las personas mentoras no solo constituye un acompa\u00f1amiento c\u00f3mplice a ni\u00f1os y j\u00f3venes en su paso hac\u00eda la edad adulta, sino que tambi\u00e9n da lugar a v\u00ednculos especiales, generadores de compromiso mutuo, solidaridad, respeto y compa\u00f1erismo. V\u00ednculos que, a la larga, contribuir\u00e1n a subvertir determinantes sociales que parec\u00edan inalterables.\u00a0<\/li>\n<\/ol>\n<p><strong>\u00a0<\/strong><\/p>\n<ol start=\"3\">\n<li><strong>DERECHOS DE LOS NI\u00d1OS<\/strong>.\u00a0<strong><em>Luchamos para<\/em><\/strong>\u00a0hacer efectivos, en el contexto local, los derechos recogidos en la Convenci\u00f3n sobre los Derechos de los Ni\u00f1os. En especial, aquellos derechos que velan para asegurar el acceso en la educaci\u00f3n y la orientaci\u00f3n educativa a ni\u00f1os y j\u00f3venes, as\u00ed como tambi\u00e9n de aquellos que buscan favorecer su descanso, ocio, juego, recreo y participaci\u00f3n en la vida cultural. Derechos inalienables e irrenunciables que buscan garantizar una buena ni\u00f1ez y tambi\u00e9n asegurar una igualdad de condiciones para todos los ni\u00f1os y ni\u00f1as.<\/li>\n<\/ol>\n<p><strong>\u00a0<\/strong><\/p>\n<ol start=\"4\">\n<li><strong>\u00c9XITO ACAD\u00c9MICO Y SOCIAL<\/strong>.\u00a0<em><strong>Trabajamos para<\/strong><\/em>\u00a0reducir la exclusi\u00f3n socioeducativa en la que se ven empujados numerosos ni\u00f1os y j\u00f3venes de diferentes territorios de Catalu\u00f1a, favoreciendo nuevos marcos de oportunidad que les permitan descubrir otras realidades. Estas les ayudar\u00e1n a ilusionarse nuevamente, a (re)inventar su propio camino, a creer en sus potencialidades: trabajamos, pues, para crear v\u00edas que permitan a los y las j\u00f3venes desmarcarse de las injustas condiciones de partida que les preceden.<\/li>\n<\/ol>\n<p><strong>\u00a0<\/strong><\/p>\n<ol start=\"5\">\n<li><strong>SOLIDARIDAD<\/strong>.\u00a0<em><strong>Partimos de<\/strong><\/em>\u00a0la conciencia que el mundo se encuentra vertebrado por relaciones de poder que han dado lugar a fuertes desigualdades. Dentro de este esquema, disfrutar de tiempo libre contin\u00faa siendo privilegio de una minor\u00eda: un derecho no accesible a todo el mundo. Es por eso que celebramos la decisi\u00f3n de todas aquellas j\u00f3venes que, conscientes de esta injusta realidad, toman partido en su transformaci\u00f3n, comprometiendo, de manera solidaria, parte de su tiempo para cambiarla.<\/li>\n<\/ol>\n<p><strong>\u00a0<\/strong><\/p>\n<ol start=\"6\">\n<li>\u00a0<strong>CIUDAD, ESPACIO EDUCATIVO<\/strong>.\u00a0<em><strong>Entendemos<\/strong><\/em>\u00a0la ciudad como un espacio de todos y todas, donde aprendemos, intercambiamos y participamos; un espacio para el ejercicio de la democracia directa, para la consolidaci\u00f3n de una ciudadan\u00eda llena y para la consecuci\u00f3n de la justicia social. En este sentido, nuestra contribuci\u00f3n se centra en impulsar la movilizaci\u00f3n ciudadana, fomentando la mirada cr\u00edtica, la corresponsabilidad, la solidaridad y la transformaci\u00f3n social de la juventud.<\/li>\n<\/ol>\n<p><strong>\u00a0<\/strong><\/p>\n<ol start=\"7\">\n<li><strong>DESIGUALDADES<\/strong>.\u00a0<em><strong>Combatimos<\/strong><\/em>\u00a0el progresivo empobrecimiento social que ha tenido lugar durante los \u00faltimos a\u00f1os, as\u00ed como las desigualdades y las injusticias que, intr\u00ednsecas a este, se han derivado, afectando a anchas capas de la sociedad y, sobre todo, a los sectores con situaciones de partida m\u00e1s adversas. La precarizaci\u00f3n, la vulneraci\u00f3n de derechos, la discriminaci\u00f3n, la exclusi\u00f3n,\u2026 son fen\u00f3menos que nos tocan de cerca y que nos negamos a aceptar sin oponer resistencia.<\/li>\n<\/ol>\n<p><strong>\u00a0<\/strong><\/p>\n<ol start=\"8\">\n<li><strong>OPORTUNIDADES<\/strong>.\u00a0<em><strong>Defendemos<\/strong><\/em>\u00a0que todo el mundo tenga la oportunidad de ser quien quiera ser, de recorrer los caminos que quiera recorrer y de desarrollarse personalmente de la manera m\u00e1s acorde a sus deseos, m\u00e1s all\u00e1 de cualquier tipo de obst\u00e1culo de partida que pueda haber. Combatir los diferentes ejes de desigualdad existentes para construir una realidad m\u00e1s vivible, digna y llena para todo el mundo.<\/li>\n<\/ol>\n<p><strong>\u00a0<\/strong><\/p>\n<ol start=\"9\">\n<li><strong>TRABAJO EN RED<\/strong>.\u00a0<em><strong>Apostamos<\/strong><\/em>\u00a0por un trabajo colaborativo, tejiendo redes y estableciendo v\u00ednculos entre los diferentes agentes de la ciudad. Un trabajo que, dejando atr\u00e1s acciones aisladas e inconexas, permita generar alianzas y decidir estrategias de manera colectiva, entendiendo, que solo as\u00ed, conseguiremos la fuerza suficiente para incidir y transformar todo aquello que nos indigna.<\/li>\n<\/ol>\n<p><strong>\u00a0<\/strong><\/p>\n<ol start=\"10\">\n<li><strong>RESPONSABILIDAD SOCIAL DE LA UNIVERSIDAD<\/strong>.\u00a0<em><strong>Reclamamos<\/strong><\/em>\u00a0el papel que tienen que tener las universidades como ente clave de igualaci\u00f3n entre la ciudadan\u00eda. Por eso, las administraciones y los centros de educaci\u00f3n superior tienen que velar por la democratizaci\u00f3n de la ense\u00f1anza superior, garantizar el acceso y la sostenibilidad de la vida de las personas que estudian; as\u00ed como hacer lo posible para incidir positivamente en el entorno donde est\u00e1n implantadas, facilitando la comunicaci\u00f3n, el intercambio y el desarrollo de la sociedad que las acoge.<\/li>\n<\/ol>\n","protected":false},"excerpt":{"rendered":"<p>Ideario y reivindicaciones de los 10 a\u00f1os del AFEV Catalu\u00f1a. Somos una entidad sin \u00e1nimo de lucro que nace en Francia en 1991 como un movimiento de educaci\u00f3n no formal y con el objetivo de ser una contribuci\u00f3n ciudadana a las pol\u00edticas sociales de la ciudad. Promovemos el voluntariado social universitario para luchar contra las &hellip;<\/p>\n","protected":false},"author":1,"featured_media":6653,"comment_status":"closed","ping_status":"open","sticky":false,"template":"","format":"standard","meta":{"inline_featured_image":false,"footnotes":""},"categories":[650],"tags":[],"class_list":["post-7786","post","type-post","status-publish","format-standard","has-post-thumbnail","hentry","category-sabias-que"],"yoast_head":"<!-- This site is optimized with the Yoast SEO plugin v27.0 - https:\/\/yoast.com\/product\/yoast-seo-wordpress\/ -->\n<title>Manifesto AFEV 10 A\u00f1os - AFEV<\/title>\n<meta name=\"robots\" content=\"index, follow, max-snippet:-1, max-image-preview:large, max-video-preview:-1\" \/>\n<link rel=\"canonical\" href=\"https:\/\/afev.cat\/es\/manifesto-afev-10-anos\/\" \/>\n<meta property=\"og:locale\" content=\"es_ES\" \/>\n<meta property=\"og:type\" content=\"article\" \/>\n<meta property=\"og:title\" content=\"Manifesto AFEV 10 A\u00f1os - AFEV\" \/>\n<meta property=\"og:description\" content=\"Ideario y reivindicaciones de los 10 a\u00f1os del AFEV Catalu\u00f1a. Somos una entidad sin \u00e1nimo de lucro que nace en Francia en 1991 como un movimiento de educaci\u00f3n no formal y con el objetivo de ser una contribuci\u00f3n ciudadana a las pol\u00edticas sociales de la ciudad. Promovemos el voluntariado social universitario para luchar contra las &hellip;\" \/>\n<meta property=\"og:url\" content=\"https:\/\/afev.cat\/es\/manifesto-afev-10-anos\/\" \/>\n<meta property=\"og:site_name\" content=\"AFEV\" \/>\n<meta property=\"article:publisher\" content=\"https:\/\/www.facebook.com\/afevcat\" \/>\n<meta property=\"article:published_time\" content=\"2017-12-29T14:45:00+00:00\" \/>\n<meta property=\"article:modified_time\" content=\"2020-09-29T09:11:15+00:00\" \/>\n<meta property=\"og:image\" content=\"https:\/\/afev.cat\/wp-content\/uploads\/2020\/02\/10anys_vermell.png\" \/>\n\t<meta property=\"og:image:width\" content=\"1456\" \/>\n\t<meta property=\"og:image:height\" content=\"875\" \/>\n\t<meta property=\"og:image:type\" content=\"image\/png\" \/>\n<meta name=\"author\" content=\"adminTandem\" \/>\n<meta name=\"twitter:card\" content=\"summary_large_image\" \/>\n<meta name=\"twitter:creator\" content=\"@afevcat\" \/>\n<meta name=\"twitter:site\" content=\"@afevcat\" \/>\n<meta name=\"twitter:label1\" content=\"Escrito por\" \/>\n\t<meta name=\"twitter:data1\" content=\"adminTandem\" \/>\n\t<meta name=\"twitter:label2\" content=\"Tiempo de lectura\" \/>\n\t<meta name=\"twitter:data2\" content=\"5 minutos\" \/>\n<script type=\"application\/ld+json\" class=\"yoast-schema-graph\">{\"@context\":\"https:\/\/schema.org\",\"@graph\":[{\"@type\":\"Article\",\"@id\":\"https:\/\/afev.cat\/es\/manifesto-afev-10-anos\/#article\",\"isPartOf\":{\"@id\":\"https:\/\/afev.cat\/es\/manifesto-afev-10-anos\/\"},\"author\":{\"name\":\"adminTandem\",\"@id\":\"https:\/\/afev.cat\/es\/#\/schema\/person\/2111428ce1954193a11054a1e2b5b0da\"},\"headline\":\"Manifesto AFEV 10 A\u00f1os\",\"datePublished\":\"2017-12-29T14:45:00+00:00\",\"dateModified\":\"2020-09-29T09:11:15+00:00\",\"mainEntityOfPage\":{\"@id\":\"https:\/\/afev.cat\/es\/manifesto-afev-10-anos\/\"},\"wordCount\":996,\"image\":{\"@id\":\"https:\/\/afev.cat\/es\/manifesto-afev-10-anos\/#primaryimage\"},\"thumbnailUrl\":\"https:\/\/afev.cat\/wp-content\/uploads\/2020\/02\/10anys_vermell.png\",\"articleSection\":[\"Sab\u00edas que\"],\"inLanguage\":\"es\"},{\"@type\":\"WebPage\",\"@id\":\"https:\/\/afev.cat\/es\/manifesto-afev-10-anos\/\",\"url\":\"https:\/\/afev.cat\/es\/manifesto-afev-10-anos\/\",\"name\":\"Manifesto AFEV 10 A\u00f1os - AFEV\",\"isPartOf\":{\"@id\":\"https:\/\/afev.cat\/es\/#website\"},\"primaryImageOfPage\":{\"@id\":\"https:\/\/afev.cat\/es\/manifesto-afev-10-anos\/#primaryimage\"},\"image\":{\"@id\":\"https:\/\/afev.cat\/es\/manifesto-afev-10-anos\/#primaryimage\"},\"thumbnailUrl\":\"https:\/\/afev.cat\/wp-content\/uploads\/2020\/02\/10anys_vermell.png\",\"datePublished\":\"2017-12-29T14:45:00+00:00\",\"dateModified\":\"2020-09-29T09:11:15+00:00\",\"author\":{\"@id\":\"https:\/\/afev.cat\/es\/#\/schema\/person\/2111428ce1954193a11054a1e2b5b0da\"},\"breadcrumb\":{\"@id\":\"https:\/\/afev.cat\/es\/manifesto-afev-10-anos\/#breadcrumb\"},\"inLanguage\":\"es\",\"potentialAction\":[{\"@type\":\"ReadAction\",\"target\":[\"https:\/\/afev.cat\/es\/manifesto-afev-10-anos\/\"]}]},{\"@type\":\"ImageObject\",\"inLanguage\":\"es\",\"@id\":\"https:\/\/afev.cat\/es\/manifesto-afev-10-anos\/#primaryimage\",\"url\":\"https:\/\/afev.cat\/wp-content\/uploads\/2020\/02\/10anys_vermell.png\",\"contentUrl\":\"https:\/\/afev.cat\/wp-content\/uploads\/2020\/02\/10anys_vermell.png\",\"width\":1456,\"height\":875,\"caption\":\"AFEV 10 anys\"},{\"@type\":\"BreadcrumbList\",\"@id\":\"https:\/\/afev.cat\/es\/manifesto-afev-10-anos\/#breadcrumb\",\"itemListElement\":[{\"@type\":\"ListItem\",\"position\":1,\"name\":\"Inici\",\"item\":\"https:\/\/afev.cat\/es\/\"},{\"@type\":\"ListItem\",\"position\":2,\"name\":\"Manifesto AFEV 10 A\u00f1os\"}]},{\"@type\":\"WebSite\",\"@id\":\"https:\/\/afev.cat\/es\/#website\",\"url\":\"https:\/\/afev.cat\/es\/\",\"name\":\"AFEV\",\"description\":\"Voluntariat social entre joves\",\"potentialAction\":[{\"@type\":\"SearchAction\",\"target\":{\"@type\":\"EntryPoint\",\"urlTemplate\":\"https:\/\/afev.cat\/es\/?s={search_term_string}\"},\"query-input\":{\"@type\":\"PropertyValueSpecification\",\"valueRequired\":true,\"valueName\":\"search_term_string\"}}],\"inLanguage\":\"es\"},{\"@type\":\"Person\",\"@id\":\"https:\/\/afev.cat\/es\/#\/schema\/person\/2111428ce1954193a11054a1e2b5b0da\",\"name\":\"adminTandem\",\"url\":\"https:\/\/afev.cat\/es\/author\/admintandem\/\"}]}<\/script>\n<!-- \/ Yoast SEO plugin. -->","yoast_head_json":{"title":"Manifesto AFEV 10 A\u00f1os - AFEV","robots":{"index":"index","follow":"follow","max-snippet":"max-snippet:-1","max-image-preview":"max-image-preview:large","max-video-preview":"max-video-preview:-1"},"canonical":"https:\/\/afev.cat\/es\/manifesto-afev-10-anos\/","og_locale":"es_ES","og_type":"article","og_title":"Manifesto AFEV 10 A\u00f1os - AFEV","og_description":"Ideario y reivindicaciones de los 10 a\u00f1os del AFEV Catalu\u00f1a. Somos una entidad sin \u00e1nimo de lucro que nace en Francia en 1991 como un movimiento de educaci\u00f3n no formal y con el objetivo de ser una contribuci\u00f3n ciudadana a las pol\u00edticas sociales de la ciudad. Promovemos el voluntariado social universitario para luchar contra las &hellip;","og_url":"https:\/\/afev.cat\/es\/manifesto-afev-10-anos\/","og_site_name":"AFEV","article_publisher":"https:\/\/www.facebook.com\/afevcat","article_published_time":"2017-12-29T14:45:00+00:00","article_modified_time":"2020-09-29T09:11:15+00:00","og_image":[{"width":1456,"height":875,"url":"https:\/\/afev.cat\/wp-content\/uploads\/2020\/02\/10anys_vermell.png","type":"image\/png"}],"author":"adminTandem","twitter_card":"summary_large_image","twitter_creator":"@afevcat","twitter_site":"@afevcat","twitter_misc":{"Escrito por":"adminTandem","Tiempo de lectura":"5 minutos"},"schema":{"@context":"https:\/\/schema.org","@graph":[{"@type":"Article","@id":"https:\/\/afev.cat\/es\/manifesto-afev-10-anos\/#article","isPartOf":{"@id":"https:\/\/afev.cat\/es\/manifesto-afev-10-anos\/"},"author":{"name":"adminTandem","@id":"https:\/\/afev.cat\/es\/#\/schema\/person\/2111428ce1954193a11054a1e2b5b0da"},"headline":"Manifesto AFEV 10 A\u00f1os","datePublished":"2017-12-29T14:45:00+00:00","dateModified":"2020-09-29T09:11:15+00:00","mainEntityOfPage":{"@id":"https:\/\/afev.cat\/es\/manifesto-afev-10-anos\/"},"wordCount":996,"image":{"@id":"https:\/\/afev.cat\/es\/manifesto-afev-10-anos\/#primaryimage"},"thumbnailUrl":"https:\/\/afev.cat\/wp-content\/uploads\/2020\/02\/10anys_vermell.png","articleSection":["Sab\u00edas que"],"inLanguage":"es"},{"@type":"WebPage","@id":"https:\/\/afev.cat\/es\/manifesto-afev-10-anos\/","url":"https:\/\/afev.cat\/es\/manifesto-afev-10-anos\/","name":"Manifesto AFEV 10 A\u00f1os - AFEV","isPartOf":{"@id":"https:\/\/afev.cat\/es\/#website"},"primaryImageOfPage":{"@id":"https:\/\/afev.cat\/es\/manifesto-afev-10-anos\/#primaryimage"},"image":{"@id":"https:\/\/afev.cat\/es\/manifesto-afev-10-anos\/#primaryimage"},"thumbnailUrl":"https:\/\/afev.cat\/wp-content\/uploads\/2020\/02\/10anys_vermell.png","datePublished":"2017-12-29T14:45:00+00:00","dateModified":"2020-09-29T09:11:15+00:00","author":{"@id":"https:\/\/afev.cat\/es\/#\/schema\/person\/2111428ce1954193a11054a1e2b5b0da"},"breadcrumb":{"@id":"https:\/\/afev.cat\/es\/manifesto-afev-10-anos\/#breadcrumb"},"inLanguage":"es","potentialAction":[{"@type":"ReadAction","target":["https:\/\/afev.cat\/es\/manifesto-afev-10-anos\/"]}]},{"@type":"ImageObject","inLanguage":"es","@id":"https:\/\/afev.cat\/es\/manifesto-afev-10-anos\/#primaryimage","url":"https:\/\/afev.cat\/wp-content\/uploads\/2020\/02\/10anys_vermell.png","contentUrl":"https:\/\/afev.cat\/wp-content\/uploads\/2020\/02\/10anys_vermell.png","width":1456,"height":875,"caption":"AFEV 10 anys"},{"@type":"BreadcrumbList","@id":"https:\/\/afev.cat\/es\/manifesto-afev-10-anos\/#breadcrumb","itemListElement":[{"@type":"ListItem","position":1,"name":"Inici","item":"https:\/\/afev.cat\/es\/"},{"@type":"ListItem","position":2,"name":"Manifesto AFEV 10 A\u00f1os"}]},{"@type":"WebSite","@id":"https:\/\/afev.cat\/es\/#website","url":"https:\/\/afev.cat\/es\/","name":"AFEV","description":"Voluntariat social entre joves","potentialAction":[{"@type":"SearchAction","target":{"@type":"EntryPoint","urlTemplate":"https:\/\/afev.cat\/es\/?s={search_term_string}"},"query-input":{"@type":"PropertyValueSpecification","valueRequired":true,"valueName":"search_term_string"}}],"inLanguage":"es"},{"@type":"Person","@id":"https:\/\/afev.cat\/es\/#\/schema\/person\/2111428ce1954193a11054a1e2b5b0da","name":"adminTandem","url":"https:\/\/afev.cat\/es\/author\/admintandem\/"}]}},"_links":{"self":[{"href":"https:\/\/afev.cat\/es\/wp-json\/wp\/v2\/posts\/7786","targetHints":{"allow":["GET"]}}],"collection":[{"href":"https:\/\/afev.cat\/es\/wp-json\/wp\/v2\/posts"}],"about":[{"href":"https:\/\/afev.cat\/es\/wp-json\/wp\/v2\/types\/post"}],"author":[{"embeddable":true,"href":"https:\/\/afev.cat\/es\/wp-json\/wp\/v2\/users\/1"}],"replies":[{"embeddable":true,"href":"https:\/\/afev.cat\/es\/wp-json\/wp\/v2\/comments?post=7786"}],"version-history":[{"count":3,"href":"https:\/\/afev.cat\/es\/wp-json\/wp\/v2\/posts\/7786\/revisions"}],"predecessor-version":[{"id":7790,"href":"https:\/\/afev.cat\/es\/wp-json\/wp\/v2\/posts\/7786\/revisions\/7790"}],"wp:featuredmedia":[{"embeddable":true,"href":"https:\/\/afev.cat\/es\/wp-json\/wp\/v2\/media\/6653"}],"wp:attachment":[{"href":"https:\/\/afev.cat\/es\/wp-json\/wp\/v2\/media?parent=7786"}],"wp:term":[{"taxonomy":"category","embeddable":true,"href":"https:\/\/afev.cat\/es\/wp-json\/wp\/v2\/categories?post=7786"},{"taxonomy":"post_tag","embeddable":true,"href":"https:\/\/afev.cat\/es\/wp-json\/wp\/v2\/tags?post=7786"}],"curies":[{"name":"wp","href":"https:\/\/api.w.org\/{rel}","templated":true}]}}