{"id":7770,"date":"2018-11-26T10:54:21","date_gmt":"2018-11-26T09:54:21","guid":{"rendered":"https:\/\/afev.cat\/?p=7770"},"modified":"2020-09-29T10:52:47","modified_gmt":"2020-09-29T08:52:47","slug":"afev-abre-una-nueva-sede-en-valencia","status":"publish","type":"post","link":"https:\/\/afev.cat\/es\/afev-abre-una-nueva-sede-en-valencia\/","title":{"rendered":"AFEV abre una nueva sede en Valencia"},"content":{"rendered":"\n<p><strong>Ponemos en marcha el proyecto de voluntariado enT\u00e0ndem de acompa\u00f1amiento a diferentes barrios de acci\u00f3n social prioritario de la ciudad<\/strong><\/p>\n<p>Este curso 2018-19, AFEV abre una nueva delegaci\u00f3n a la ciudad de Valencia y empezamos a impulsar el proyecto de mentoria social y educativa\u00a0<a href=\"https:\/\/entandem.cat\/es\/\" target=\"_blank\" rel=\"noopener noreferrer\">enT\u00e0ndem<\/a>, un proyecto de voluntariado para acompa\u00f1ar a ni\u00f1@s y j\u00f3venes en situaci\u00f3n de vulnerabilidad social que se realiza en la ciudad de Barcelona y otros territorios del \u00e1rea metropolitana.<\/p>\n<p>En Valencia el proyecto lo desarrollaremos en diferentes\u00a0<strong>barrios de acci\u00f3n social prioritaria, como Orriols.\u00a0<\/strong>Ser\u00e1 posible gracias a la colaboraci\u00f3n de la\u00a0<a href=\"https:\/\/www.uv.es\/\" target=\"_blank\" rel=\"noopener noreferrer\">Universidad de Valencia<\/a>\u00a0y la\u00a0<a href=\"https:\/\/www.uoc.edu\/portal\/es\/\" target=\"_blank\" rel=\"noopener noreferrer\">UOC<\/a>, que tendr\u00e1n un papel relevante en la mobilizaci\u00f3n del voluntariado, dado que la mayor\u00eda de las personas voluntarias tienen un perfil universitario (de 18 a 30 a\u00f1os aproximadamente). Tambi\u00e9n contamos con el apoyo y la buena acogida del\u00a0<a href=\"https:\/\/www.cnjc.cat\/ca\" target=\"_blank\" rel=\"noopener noreferrer\">Consell Nacional de Joventut<\/a>\u00a0y del\u00a0<a href=\"http:\/\/www.valencia.es\/ayuntamiento\/home.nsf\/(Portadas2)\/%24first?opendocument&amp;\" target=\"_blank\" rel=\"noopener noreferrer\">Ajuntament de Val\u00e8ncia<\/a>. La sede f\u00edsica de la entidad se situa en el\u00a0<a href=\"https:\/\/www.juventud-valencia.es\/pagina\/107\/informate\/consell-de-la-joventut-de-valencia\/\" target=\"_blank\" rel=\"noopener noreferrer\">Consell de la Joventut de Val\u00e8ncia<\/a>\u00a0(al barrio de Algir\u00f3s).<\/p>\n<h2>Expansi\u00f3n territorial, de Catalunya a Valencia<\/h2>\n<p>La psic\u00f3loga y activista<strong>\u00a0Irene Esteban<\/strong>\u00a0es la responsable de AFEV Valencia y emprende esta aventura con la pasi\u00f3n y el entusiasmo que la definen. \u00abEstamos muy contentas de poder llevar este proyecto de mentor\u00eda social que ser\u00e1 el primero en implementarse en la ciudad de Valencia y\u00a0<strong>ser una herramienta para poder luchar contra las desigualdades de la ciudad<\/strong>\u00ab, afirma. Irene tambi\u00e9n muestra\u00a0<strong>mucho agradecimiento por la buena acogida que han tenido por parte de entidades sociales de la ciudad<\/strong>, por su participaci\u00f3n y confianza.<\/p>\n<p>Esta nueva sede supone la expansi\u00f3n en territorio catal\u00e1n (primero en Catalunya, ahora en Valencia) de un proyecto asociativo de origen franc\u00e9s. \u00ab<strong>La apertura de una nueva antena de actividad siempre es un momento precioso y \u00fanico<\/strong>\u00a0para nosotros\u00bb, explica\u00a0<strong>Christophe Paris<\/strong>, director general de AFEV. \u00abMarca el encuentro, cada vez diferente, entre nuestro proyecto asociativo y un territorio; un territorio con actores y actrices, acciones y realidades propias. Es la alquimia de este encuentro la que hace toda la riqueza de nuestro proyecto asociativo\u00bb, a\u00f1ade.<\/p>\n<p>Y contin\u00faa: \u00abTodo el equipo estamos muy orgullosos del desarrollo en Valencia de nuestro proyecto de solidaridad, compromiso y lucha contra el fracaso escolar. Como en Barcelona hace diez a\u00f1os, AFEV en Valencia se har\u00e1 valer y har\u00e1 que Valencia valga, haremos simbiosis con el territorio y sus particularidades. Y al final, todas nuestras acciones ser\u00e1n m\u00e1s fuertes. Valencia, vamos!\u00bb<\/p>\n<h2>Un nuevo reto y un nuevo privilegio<\/h2>\n<p>Para\u00a0<strong>Laia Bernu\u00e9s<\/strong>, la delegada territorial de AFEV Catalunya, \u00ab<strong>abrir la sede de AFEV en Valencia ha sido un gran reto y un gran privilegio<\/strong>, tanto a nivel personal como de equipo; incertidumbres y miedos que se mezclan con motivaci\u00f3n e ilusi\u00f3n haciendo un gran c\u00f3ctel de lo que extraemos fant\u00e1sticos aprendizajes\u00bb.<\/p>\n<p>\u00abEstamos muy agradecidas de la gran acogida y complicidad que hemos encontrado, desde el primer momento, a las administraciones, las universidades y las entidades del territorio con el que ya estamos trabajando codo con codo para seguir luchando contra las desigualdades y fomentar el compromiso social de los y las j\u00f3venes.\u00a0<strong>Contar con Irene al frente del proyecto es, adem\u00e1s, un lujo que enriquece AFEV y el proyecto a todos los niveles<\/strong>\u00ab, a\u00f1ade.<\/p>\n<p>\u00bfQuieres estar al d\u00eda de todo lo que pasa en Valencia? Sigue nuestra\u00a0<a href=\"https:\/\/www.facebook.com\/AfevValencia\/\" target=\"_blank\" rel=\"noopener noreferrer\">p\u00e1gina de Facebook de AFEV Valencia<\/a>!<\/p>\n","protected":false},"excerpt":{"rendered":"<p>Ponemos en marcha el proyecto de voluntariado enT\u00e0ndem de acompa\u00f1amiento a diferentes barrios de acci\u00f3n social prioritario de la ciudad Este curso 2018-19, AFEV abre una nueva delegaci\u00f3n a la ciudad de Valencia y empezamos a impulsar el proyecto de mentoria social y educativa\u00a0enT\u00e0ndem, un proyecto de voluntariado para acompa\u00f1ar a ni\u00f1@s y j\u00f3venes en &hellip;<\/p>\n","protected":false},"author":1,"featured_media":6507,"comment_status":"closed","ping_status":"closed","sticky":false,"template":"","format":"standard","meta":{"inline_featured_image":false,"footnotes":""},"categories":[650],"tags":[],"class_list":["post-7770","post","type-post","status-publish","format-standard","has-post-thumbnail","hentry","category-sabias-que"],"yoast_head":"<!-- This site is optimized with the Yoast SEO plugin v27.0 - https:\/\/yoast.com\/product\/yoast-seo-wordpress\/ -->\n<title>AFEV abre una nueva sede en Valencia - AFEV<\/title>\n<meta name=\"robots\" content=\"index, follow, max-snippet:-1, max-image-preview:large, max-video-preview:-1\" \/>\n<link rel=\"canonical\" href=\"https:\/\/afev.cat\/es\/afev-abre-una-nueva-sede-en-valencia\/\" \/>\n<meta property=\"og:locale\" content=\"es_ES\" \/>\n<meta property=\"og:type\" content=\"article\" \/>\n<meta property=\"og:title\" content=\"AFEV abre una nueva sede en Valencia - AFEV\" \/>\n<meta property=\"og:description\" content=\"Ponemos en marcha el proyecto de voluntariado enT\u00e0ndem de acompa\u00f1amiento a diferentes barrios de acci\u00f3n social prioritario de la ciudad Este curso 2018-19, AFEV abre una nueva delegaci\u00f3n a la ciudad de Valencia y empezamos a impulsar el proyecto de mentoria social y educativa\u00a0enT\u00e0ndem, un proyecto de voluntariado para acompa\u00f1ar a ni\u00f1@s y j\u00f3venes en &hellip;\" \/>\n<meta property=\"og:url\" content=\"https:\/\/afev.cat\/es\/afev-abre-una-nueva-sede-en-valencia\/\" \/>\n<meta property=\"og:site_name\" content=\"AFEV\" \/>\n<meta property=\"article:publisher\" content=\"https:\/\/www.facebook.com\/afevcat\" \/>\n<meta property=\"article:published_time\" content=\"2018-11-26T09:54:21+00:00\" \/>\n<meta property=\"article:modified_time\" content=\"2020-09-29T08:52:47+00:00\" \/>\n<meta property=\"og:image\" content=\"https:\/\/afev.cat\/wp-content\/uploads\/2018\/11\/Irene-Esteban_Valencia.jpeg\" \/>\n\t<meta property=\"og:image:width\" content=\"1599\" \/>\n\t<meta property=\"og:image:height\" content=\"1200\" \/>\n\t<meta property=\"og:image:type\" content=\"image\/jpeg\" \/>\n<meta name=\"author\" content=\"adminTandem\" \/>\n<meta name=\"twitter:card\" content=\"summary_large_image\" \/>\n<meta name=\"twitter:creator\" content=\"@afevcat\" \/>\n<meta name=\"twitter:site\" content=\"@afevcat\" \/>\n<meta name=\"twitter:label1\" content=\"Escrito por\" \/>\n\t<meta name=\"twitter:data1\" content=\"adminTandem\" \/>\n\t<meta name=\"twitter:label2\" content=\"Tiempo de lectura\" \/>\n\t<meta name=\"twitter:data2\" content=\"3 minutos\" \/>\n<script type=\"application\/ld+json\" class=\"yoast-schema-graph\">{\"@context\":\"https:\/\/schema.org\",\"@graph\":[{\"@type\":\"Article\",\"@id\":\"https:\/\/afev.cat\/es\/afev-abre-una-nueva-sede-en-valencia\/#article\",\"isPartOf\":{\"@id\":\"https:\/\/afev.cat\/es\/afev-abre-una-nueva-sede-en-valencia\/\"},\"author\":{\"name\":\"adminTandem\",\"@id\":\"https:\/\/afev.cat\/es\/#\/schema\/person\/2111428ce1954193a11054a1e2b5b0da\"},\"headline\":\"AFEV abre una nueva sede en Valencia\",\"datePublished\":\"2018-11-26T09:54:21+00:00\",\"dateModified\":\"2020-09-29T08:52:47+00:00\",\"mainEntityOfPage\":{\"@id\":\"https:\/\/afev.cat\/es\/afev-abre-una-nueva-sede-en-valencia\/\"},\"wordCount\":608,\"image\":{\"@id\":\"https:\/\/afev.cat\/es\/afev-abre-una-nueva-sede-en-valencia\/#primaryimage\"},\"thumbnailUrl\":\"https:\/\/afev.cat\/wp-content\/uploads\/2018\/11\/Irene-Esteban_Valencia.jpeg\",\"articleSection\":[\"Sab\u00edas que\"],\"inLanguage\":\"es\"},{\"@type\":\"WebPage\",\"@id\":\"https:\/\/afev.cat\/es\/afev-abre-una-nueva-sede-en-valencia\/\",\"url\":\"https:\/\/afev.cat\/es\/afev-abre-una-nueva-sede-en-valencia\/\",\"name\":\"AFEV abre una nueva sede en Valencia - AFEV\",\"isPartOf\":{\"@id\":\"https:\/\/afev.cat\/es\/#website\"},\"primaryImageOfPage\":{\"@id\":\"https:\/\/afev.cat\/es\/afev-abre-una-nueva-sede-en-valencia\/#primaryimage\"},\"image\":{\"@id\":\"https:\/\/afev.cat\/es\/afev-abre-una-nueva-sede-en-valencia\/#primaryimage\"},\"thumbnailUrl\":\"https:\/\/afev.cat\/wp-content\/uploads\/2018\/11\/Irene-Esteban_Valencia.jpeg\",\"datePublished\":\"2018-11-26T09:54:21+00:00\",\"dateModified\":\"2020-09-29T08:52:47+00:00\",\"author\":{\"@id\":\"https:\/\/afev.cat\/es\/#\/schema\/person\/2111428ce1954193a11054a1e2b5b0da\"},\"breadcrumb\":{\"@id\":\"https:\/\/afev.cat\/es\/afev-abre-una-nueva-sede-en-valencia\/#breadcrumb\"},\"inLanguage\":\"es\",\"potentialAction\":[{\"@type\":\"ReadAction\",\"target\":[\"https:\/\/afev.cat\/es\/afev-abre-una-nueva-sede-en-valencia\/\"]}]},{\"@type\":\"ImageObject\",\"inLanguage\":\"es\",\"@id\":\"https:\/\/afev.cat\/es\/afev-abre-una-nueva-sede-en-valencia\/#primaryimage\",\"url\":\"https:\/\/afev.cat\/wp-content\/uploads\/2018\/11\/Irene-Esteban_Valencia.jpeg\",\"contentUrl\":\"https:\/\/afev.cat\/wp-content\/uploads\/2018\/11\/Irene-Esteban_Valencia.jpeg\",\"width\":1599,\"height\":1200},{\"@type\":\"BreadcrumbList\",\"@id\":\"https:\/\/afev.cat\/es\/afev-abre-una-nueva-sede-en-valencia\/#breadcrumb\",\"itemListElement\":[{\"@type\":\"ListItem\",\"position\":1,\"name\":\"Inici\",\"item\":\"https:\/\/afev.cat\/es\/\"},{\"@type\":\"ListItem\",\"position\":2,\"name\":\"AFEV abre una nueva sede en Valencia\"}]},{\"@type\":\"WebSite\",\"@id\":\"https:\/\/afev.cat\/es\/#website\",\"url\":\"https:\/\/afev.cat\/es\/\",\"name\":\"AFEV\",\"description\":\"Voluntariat social entre joves\",\"potentialAction\":[{\"@type\":\"SearchAction\",\"target\":{\"@type\":\"EntryPoint\",\"urlTemplate\":\"https:\/\/afev.cat\/es\/?s={search_term_string}\"},\"query-input\":{\"@type\":\"PropertyValueSpecification\",\"valueRequired\":true,\"valueName\":\"search_term_string\"}}],\"inLanguage\":\"es\"},{\"@type\":\"Person\",\"@id\":\"https:\/\/afev.cat\/es\/#\/schema\/person\/2111428ce1954193a11054a1e2b5b0da\",\"name\":\"adminTandem\",\"url\":\"https:\/\/afev.cat\/es\/author\/admintandem\/\"}]}<\/script>\n<!-- \/ Yoast SEO plugin. -->","yoast_head_json":{"title":"AFEV abre una nueva sede en Valencia - AFEV","robots":{"index":"index","follow":"follow","max-snippet":"max-snippet:-1","max-image-preview":"max-image-preview:large","max-video-preview":"max-video-preview:-1"},"canonical":"https:\/\/afev.cat\/es\/afev-abre-una-nueva-sede-en-valencia\/","og_locale":"es_ES","og_type":"article","og_title":"AFEV abre una nueva sede en Valencia - AFEV","og_description":"Ponemos en marcha el proyecto de voluntariado enT\u00e0ndem de acompa\u00f1amiento a diferentes barrios de acci\u00f3n social prioritario de la ciudad Este curso 2018-19, AFEV abre una nueva delegaci\u00f3n a la ciudad de Valencia y empezamos a impulsar el proyecto de mentoria social y educativa\u00a0enT\u00e0ndem, un proyecto de voluntariado para acompa\u00f1ar a ni\u00f1@s y j\u00f3venes en &hellip;","og_url":"https:\/\/afev.cat\/es\/afev-abre-una-nueva-sede-en-valencia\/","og_site_name":"AFEV","article_publisher":"https:\/\/www.facebook.com\/afevcat","article_published_time":"2018-11-26T09:54:21+00:00","article_modified_time":"2020-09-29T08:52:47+00:00","og_image":[{"width":1599,"height":1200,"url":"https:\/\/afev.cat\/wp-content\/uploads\/2018\/11\/Irene-Esteban_Valencia.jpeg","type":"image\/jpeg"}],"author":"adminTandem","twitter_card":"summary_large_image","twitter_creator":"@afevcat","twitter_site":"@afevcat","twitter_misc":{"Escrito por":"adminTandem","Tiempo de lectura":"3 minutos"},"schema":{"@context":"https:\/\/schema.org","@graph":[{"@type":"Article","@id":"https:\/\/afev.cat\/es\/afev-abre-una-nueva-sede-en-valencia\/#article","isPartOf":{"@id":"https:\/\/afev.cat\/es\/afev-abre-una-nueva-sede-en-valencia\/"},"author":{"name":"adminTandem","@id":"https:\/\/afev.cat\/es\/#\/schema\/person\/2111428ce1954193a11054a1e2b5b0da"},"headline":"AFEV abre una nueva sede en Valencia","datePublished":"2018-11-26T09:54:21+00:00","dateModified":"2020-09-29T08:52:47+00:00","mainEntityOfPage":{"@id":"https:\/\/afev.cat\/es\/afev-abre-una-nueva-sede-en-valencia\/"},"wordCount":608,"image":{"@id":"https:\/\/afev.cat\/es\/afev-abre-una-nueva-sede-en-valencia\/#primaryimage"},"thumbnailUrl":"https:\/\/afev.cat\/wp-content\/uploads\/2018\/11\/Irene-Esteban_Valencia.jpeg","articleSection":["Sab\u00edas que"],"inLanguage":"es"},{"@type":"WebPage","@id":"https:\/\/afev.cat\/es\/afev-abre-una-nueva-sede-en-valencia\/","url":"https:\/\/afev.cat\/es\/afev-abre-una-nueva-sede-en-valencia\/","name":"AFEV abre una nueva sede en Valencia - AFEV","isPartOf":{"@id":"https:\/\/afev.cat\/es\/#website"},"primaryImageOfPage":{"@id":"https:\/\/afev.cat\/es\/afev-abre-una-nueva-sede-en-valencia\/#primaryimage"},"image":{"@id":"https:\/\/afev.cat\/es\/afev-abre-una-nueva-sede-en-valencia\/#primaryimage"},"thumbnailUrl":"https:\/\/afev.cat\/wp-content\/uploads\/2018\/11\/Irene-Esteban_Valencia.jpeg","datePublished":"2018-11-26T09:54:21+00:00","dateModified":"2020-09-29T08:52:47+00:00","author":{"@id":"https:\/\/afev.cat\/es\/#\/schema\/person\/2111428ce1954193a11054a1e2b5b0da"},"breadcrumb":{"@id":"https:\/\/afev.cat\/es\/afev-abre-una-nueva-sede-en-valencia\/#breadcrumb"},"inLanguage":"es","potentialAction":[{"@type":"ReadAction","target":["https:\/\/afev.cat\/es\/afev-abre-una-nueva-sede-en-valencia\/"]}]},{"@type":"ImageObject","inLanguage":"es","@id":"https:\/\/afev.cat\/es\/afev-abre-una-nueva-sede-en-valencia\/#primaryimage","url":"https:\/\/afev.cat\/wp-content\/uploads\/2018\/11\/Irene-Esteban_Valencia.jpeg","contentUrl":"https:\/\/afev.cat\/wp-content\/uploads\/2018\/11\/Irene-Esteban_Valencia.jpeg","width":1599,"height":1200},{"@type":"BreadcrumbList","@id":"https:\/\/afev.cat\/es\/afev-abre-una-nueva-sede-en-valencia\/#breadcrumb","itemListElement":[{"@type":"ListItem","position":1,"name":"Inici","item":"https:\/\/afev.cat\/es\/"},{"@type":"ListItem","position":2,"name":"AFEV abre una nueva sede en Valencia"}]},{"@type":"WebSite","@id":"https:\/\/afev.cat\/es\/#website","url":"https:\/\/afev.cat\/es\/","name":"AFEV","description":"Voluntariat social entre joves","potentialAction":[{"@type":"SearchAction","target":{"@type":"EntryPoint","urlTemplate":"https:\/\/afev.cat\/es\/?s={search_term_string}"},"query-input":{"@type":"PropertyValueSpecification","valueRequired":true,"valueName":"search_term_string"}}],"inLanguage":"es"},{"@type":"Person","@id":"https:\/\/afev.cat\/es\/#\/schema\/person\/2111428ce1954193a11054a1e2b5b0da","name":"adminTandem","url":"https:\/\/afev.cat\/es\/author\/admintandem\/"}]}},"_links":{"self":[{"href":"https:\/\/afev.cat\/es\/wp-json\/wp\/v2\/posts\/7770","targetHints":{"allow":["GET"]}}],"collection":[{"href":"https:\/\/afev.cat\/es\/wp-json\/wp\/v2\/posts"}],"about":[{"href":"https:\/\/afev.cat\/es\/wp-json\/wp\/v2\/types\/post"}],"author":[{"embeddable":true,"href":"https:\/\/afev.cat\/es\/wp-json\/wp\/v2\/users\/1"}],"replies":[{"embeddable":true,"href":"https:\/\/afev.cat\/es\/wp-json\/wp\/v2\/comments?post=7770"}],"version-history":[{"count":2,"href":"https:\/\/afev.cat\/es\/wp-json\/wp\/v2\/posts\/7770\/revisions"}],"predecessor-version":[{"id":7772,"href":"https:\/\/afev.cat\/es\/wp-json\/wp\/v2\/posts\/7770\/revisions\/7772"}],"wp:featuredmedia":[{"embeddable":true,"href":"https:\/\/afev.cat\/es\/wp-json\/wp\/v2\/media\/6507"}],"wp:attachment":[{"href":"https:\/\/afev.cat\/es\/wp-json\/wp\/v2\/media?parent=7770"}],"wp:term":[{"taxonomy":"category","embeddable":true,"href":"https:\/\/afev.cat\/es\/wp-json\/wp\/v2\/categories?post=7770"},{"taxonomy":"post_tag","embeddable":true,"href":"https:\/\/afev.cat\/es\/wp-json\/wp\/v2\/tags?post=7770"}],"curies":[{"name":"wp","href":"https:\/\/api.w.org\/{rel}","templated":true}]}}