{"id":7761,"date":"2019-05-02T14:19:38","date_gmt":"2019-05-02T12:19:38","guid":{"rendered":"https:\/\/afev.cat\/?p=7761"},"modified":"2020-09-29T10:41:04","modified_gmt":"2020-09-29T08:41:04","slug":"democratizar-la-universidad","status":"publish","type":"post","link":"https:\/\/afev.cat\/es\/democratizar-la-universidad\/","title":{"rendered":"Democratizar la universidad"},"content":{"rendered":"\n<p><strong>Olga es veterinaria<\/strong>\u00a0<strong>y voluntaria en AFEV<\/strong>.\u00a0<strong>Ana<\/strong>\u00a0hace 2\u00ba de bachillerato y el a\u00f1o que viene quiere estudiar Veterinaria en la UAB. El jueves pasado quedaron, Olga le cont\u00f3 su experiencia en la universidad, le ense\u00f1\u00f3 el<strong>\u00a0laboratorio<\/strong>\u00a0donde hace investigaci\u00f3n como doctoranda y luego fueron a la\u00a0<strong>cl\u00ednica veterinaria<\/strong>\u00a0donde trabaja, en Barcelona.<\/p>\n<p>Ana aprovech\u00f3 para hacerle todas las preguntas que tiene sobre el grado de veterinaria y la universidad. \u00a1<strong>Ahora est\u00e1 m\u00e1s convencida que nunca que quiere ser una excelente veterinaria<\/strong>, y lo dar\u00e1 todo en la selectividad para conseguir su objetivo!<\/p>\n<p>Esta es una de las actividades de\u00a0<strong>Prometeus \u2013 DemoCampus<\/strong>, un proyecto de democratizaci\u00f3n de la Educaci\u00f3n Superior de AFEV que pretende acompa\u00f1ar a los y las alumnas que est\u00e1n terminando ESO y bachillerato para ayudarles y motivarles a continuar estudiando.<\/p>\n<p><strong>Prometeus \u2013 DemoCampus<\/strong>\u00a0quiere favorecer el \u00e9xito educativo y ensanchar la igualdad de condiciones de todos aquellos j\u00f3venes que, por diferentes motivos, lo tienen m\u00e1s complicado. En la universidad sigue predominando la presencia de personas de nivel socioecon\u00f3mico alto, que representa un 43,6% del conjunto de universitarias**. En la tabla siguiente se hace patente la vinculaci\u00f3n directa que existe entre nivel socioecon\u00f3mico y nivel educativo, cuando nos fijamos en las asimetr\u00edas entre barrios.<\/p>\n<table style=\"width: 101.952%;\">\n<tbody>\n<tr>\n<td style=\"width: 20.3504%;\">\n<p><strong>Barris<\/strong><\/p>\n<\/td>\n<td style=\"width: 12.5337%;\">\n<p><strong>Total<\/strong><\/p>\n<\/td>\n<td style=\"width: 14.8082%;\">\n<p><strong>\u00cdndex renda poblaci\u00f3<\/strong><\/p>\n<\/td>\n<td style=\"width: 12.9952%;\">\n<p><strong>ESO \u2013 PFI<\/strong><\/p>\n<\/td>\n<td style=\"width: 11.247%;\">\n<p><strong>Bachillerato<\/strong><\/p>\n<p><strong>CFGM<\/strong><\/p>\n<\/td>\n<td style=\"width: 3.98936%;\">\n<p><strong>Estudios superiores<\/strong><\/p>\n<p><strong>(Universitad \u2013 CFGS)<\/strong><\/p>\n<\/td>\n<\/tr>\n<tr>\n<td style=\"width: 20.3504%;\">\n<p>BARCELONA<\/p>\n<\/td>\n<td style=\"width: 12.5337%;\">\n<p>1.394.404<\/p>\n<\/td>\n<td style=\"width: 14.8082%;\">\n<p>100<\/p>\n<\/td>\n<td style=\"width: 12.9952%;\">\n<p>21,1%<\/p>\n<\/td>\n<td style=\"width: 11.247%;\">\n<p>25,3%<\/p>\n<\/td>\n<td style=\"width: 3.98936%;\">\n<p>30 %<\/p>\n<\/td>\n<\/tr>\n<tr>\n<td style=\"width: 20.3504%;\">\n<p>Les Tres torres<\/p>\n<\/td>\n<td style=\"width: 12.5337%;\">\n<p>16.660<\/p>\n<\/td>\n<td style=\"width: 14.8082%;\">\n<p>211<\/p>\n<\/td>\n<td style=\"width: 12.9952%;\">\n<p>14,9%<\/p>\n<\/td>\n<td style=\"width: 11.247%;\">\n<p>30,3%<\/p>\n<\/td>\n<td style=\"width: 3.98936%;\">\n<p>51,9%<\/p>\n<\/td>\n<\/tr>\n<tr>\n<td style=\"width: 20.3504%;\">\n<p>Sant Gervasi<\/p>\n<\/td>\n<td style=\"width: 12.5337%;\">\n<p>25.909<\/p>\n<\/td>\n<td style=\"width: 14.8082%;\">\n<p>187,5<\/p>\n<\/td>\n<td style=\"width: 12.9952%;\">\n<p>17,9%<\/p>\n<\/td>\n<td style=\"width: 11.247%;\">\n<p>30,5%<\/p>\n<\/td>\n<td style=\"width: 3.98936%;\">\n<p>48,2%<\/p>\n<\/td>\n<\/tr>\n<tr>\n<td style=\"width: 20.3504%;\">\n<p>Pedralbes<\/p>\n<\/td>\n<td style=\"width: 12.5337%;\">\n<p>12.117<\/p>\n<\/td>\n<td style=\"width: 14.8082%;\">\n<p>242,4<\/p>\n<\/td>\n<td style=\"width: 12.9952%;\">\n<p>17,4%<\/p>\n<\/td>\n<td style=\"width: 11.247%;\">\n<p>28%<\/p>\n<\/td>\n<td style=\"width: 3.98936%;\">\n<p>51,5%<\/p>\n<\/td>\n<\/tr>\n<tr>\n<td style=\"width: 20.3504%;\">\n<p>Ciutat Meridiana<\/p>\n<\/td>\n<td style=\"width: 12.5337%;\">\n<p>10.369<\/p>\n<\/td>\n<td style=\"width: 14.8082%;\">\n<p>34,3<\/p>\n<\/td>\n<td style=\"width: 12.9952%;\">\n<p>71%<\/p>\n<\/td>\n<td style=\"width: 11.247%;\">\n<p>16,2%<\/p>\n<\/td>\n<td style=\"width: 3.98936%;\">\n<p>6,5%<\/p>\n<\/td>\n<\/tr>\n<tr>\n<td style=\"width: 20.3504%;\">\n<p>Vallbona<\/p>\n<\/td>\n<td style=\"width: 12.5337%;\">\n<p>1.379<\/p>\n<\/td>\n<td style=\"width: 14.8082%;\">\n<p>51,9<\/p>\n<\/td>\n<td style=\"width: 12.9952%;\">\n<p>70,8%<\/p>\n<\/td>\n<td style=\"width: 11.247%;\">\n<p>12,8%<\/p>\n<\/td>\n<td style=\"width: 3.98936%;\">\n<p>8,6%<\/p>\n<\/td>\n<\/tr>\n<tr>\n<td style=\"width: 20.3504%;\">\n<p>Torre Bar\u00f3<\/p>\n<\/td>\n<td style=\"width: 12.5337%;\">\n<p>2.859<\/p>\n<\/td>\n<td style=\"width: 14.8082%;\">\n<p>45,1<\/p>\n<\/td>\n<td style=\"width: 12.9952%;\">\n<p>68,7%<\/p>\n<\/td>\n<td style=\"width: 11.247%;\">\n<p>14,6%<\/p>\n<\/td>\n<td style=\"width: 3.98936%;\">\n<p>8,7%<\/p>\n<\/td>\n<\/tr>\n<tr>\n<td style=\"width: 20.3504%;\">\n<p>Bes\u00f2s \u2013 Maresme<\/p>\n<\/td>\n<td style=\"width: 12.5337%;\">\n<p>22.893<\/p>\n<\/td>\n<td style=\"width: 14.8082%;\">\n<p>54,7<\/p>\n<\/td>\n<td style=\"width: 12.9952%;\">\n<p>62,3%<\/p>\n<\/td>\n<td style=\"width: 11.247%;\">\n<p>18,8%<\/p>\n<\/td>\n<td style=\"width: 3.98936%;\">\n<p>11,1%<\/p>\n<\/td>\n<\/tr>\n<tr>\n<td style=\"width: 20.3504%;\">\n<p>Verneda i la Pau<\/p>\n<\/td>\n<td style=\"width: 12.5337%;\">\n<p>28.725<\/p>\n<\/td>\n<td style=\"width: 14.8082%;\">\n<p>58,8<\/p>\n<\/td>\n<td style=\"width: 12.9952%;\">\n<p>57%<\/p>\n<\/td>\n<td style=\"width: 11.247%;\">\n<p>22,9%<\/p>\n<\/td>\n<td style=\"width: 3.98936%;\">\n<p>13,2%<\/p>\n<\/td>\n<\/tr>\n<\/tbody>\n<\/table>\n<p><span style=\"font-size: 10pt;\"><em>* Fuente: Departamento de Estad\u00edstica y Difusi\u00f3n de Datos del Ayuntamiento de Barcelona. Elaboraci\u00f3n propia.<\/em><\/span><\/p>\n<p><span style=\"font-size: 10pt;\"><em>**\u00a0Los j\u00f3venes con madres y padres ocupando cargos de direcci\u00f3n, gerencia y\/o profesionales de tipo cient\u00edfico o intelectual siguen altamente sobrerepresentados en la universidad en relaci\u00f3n al conjunto de la sociedad (Ari\u00f1o y Sintes, 2016, p. 94).<\/em><\/span><\/p>\n<p>\u00a0<\/p>\n<p>Despu\u00e9s de meses trabajando en el proyecto, el mes de enero comenzamos a la\u00a0<strong>Zona Norte (Torre Bar\u00f3, Ciutat Meridiana y Vallbona)<\/strong>,\u00a0<strong>La Verneda y el Bes\u00f2s<\/strong>, tres barrios con bajo porcentaje de personas con estudios universitarios o superiores, de la mano y con la confianza de\u00a0<a href=\"http:\/\/ajuntament.barcelona.cat\/fomentdeciutat\/ca\">Foment de Ciutat<\/a>\u00a0y en colaboraci\u00f3n con el IMEB y el CEB, las entidades AEI Raval y el Peri\u00f3dico el Raval, por la experiencia con el proyecto\u00a0<a href=\"http:\/\/ajuntament.barcelona.cat\/ciutateducadora\/ca\/projectes\/prometeus\">Prometeus Raval<\/a>.<\/p>\n<p><strong>Queremos<\/strong>\u00a0<strong>crear nuevos imaginarios donde el acceso a la educaci\u00f3n superior en estos barrios no sea una excepci\u00f3n<\/strong>. Y lo hacemos a trav\u00e9s de acciones para permitir una mejor orientaci\u00f3n y caminos de \u00e9xito, trabajando las expectativas y las aspiraciones, el dominio de las habilidades y actitudes necesarias para comprender los c\u00f3digos de los estudios superiores y el apoyo para la orientaci\u00f3n y el acompa\u00f1amiento metodol\u00f3gico de los estudiantes que acaban de entrar a la Educaci\u00f3n Superior, junto con otras acciones que se realizan en el territorio y en colaboraci\u00f3n y complicidad de otros entes educativos.<\/p>\n<p>El \u00e1mbito comunitario es una de las claves del proyecto, ya que la idea es generar un espacio de interlocuci\u00f3n y participaci\u00f3n entre el proyecto y el territorio, fomentar el trabajo en red y\u00a0<strong>crear \u00abreferentes\u00bb participantes<\/strong>\u00a0que se vinculen con el proyecto una vez est\u00e9n cursando los estudios superiores, volviendo a los institutos explicando su testimonio y aportando su grano de arena por los y las nuevas j\u00f3venes participantes.<\/p>\n<p>Seg\u00fan\u00a0<strong>J\u00falia Quintela<\/strong>, t\u00e9cnica de educaci\u00f3n de Ciutat Vella, hay varios factores que dificultan el acceso universitario para estos j\u00f3venes:\u00a0<strong>\u00abLes carecen referentes universitarios, no s\u00f3lo entre sus familiares, sino tambi\u00e9n entre sus compa\u00f1eros. A esto debe a\u00f1adirse las dificultades econ\u00f3micas, la percepci\u00f3n que tienen que los estudios son dif\u00edciles, adem\u00e1s de alg\u00fan problema de competencia ling\u00fc\u00edsticas\u00bb<\/strong>.<\/p>\n<p>En definitiva, el proyecto persigue que los j\u00f3venes que comiencen los estudios superiores (Universidad y CFGS) los cursen y terminen y que no lo descarten por motivos econ\u00f3micos y falta de expectativas.<\/p>\n<p><strong>Algunas de las acciones que hacemos son:<\/strong><\/p>\n<ul>\n<li>Talleres de sensibilizaci\u00f3n al alumnado de ESO y bachillerato<\/li>\n<li>Un acompa\u00f1amiento t\u00e9cnico al alumnado de 2\u00ba de bachillerato para dar apoyo en la toma de decisiones<\/li>\n<li>Visita al Sal\u00f3 de l\u2019Ensenyament<\/li>\n<li>Cara a cara, un encuentro con estudiantes o profesionales del mismo \u00e1mbito de estudio que quieren cursar los alumnos de 2\u00ba de bachillerato el pr\u00f3ximo a\u00f1o<\/li>\n<li>Visita a empresas, por sector profesional de inter\u00e9s para el alumnado<\/li>\n<li>Taller de apoyo a la transici\u00f3n a la universidad, ciclos formativos de grado superior u otras opciones para formalizar la matr\u00edcula y pedir becas p\u00fablicas<\/li>\n<li>Mentoria social y educativa, un acompa\u00f1amiento educativo individual de dos horas a la semana entre una persona voluntaria (20-30 a\u00f1os) y un\/a alumno\/a de 4\u00ba de ESO o bachillerato para compartir, darle confianza, fomentar su autonom\u00eda, motivarlo a seguir estudiando y apoyarlo al m\u00e1ximo<\/li>\n<li>Encuentros peri\u00f3dicos en grupo cuando el alumnado ya est\u00e1 en la universidad para apoyar y enfrentar juntas las dificultades acad\u00e9micas o administrativas.<\/li>\n<\/ul>\n","protected":false},"excerpt":{"rendered":"<p>Olga es veterinaria\u00a0y voluntaria en AFEV.\u00a0Ana\u00a0hace 2\u00ba de bachillerato y el a\u00f1o que viene quiere estudiar Veterinaria en la UAB. El jueves pasado quedaron, Olga le cont\u00f3 su experiencia en la universidad, le ense\u00f1\u00f3 el\u00a0laboratorio\u00a0donde hace investigaci\u00f3n como doctoranda y luego fueron a la\u00a0cl\u00ednica veterinaria\u00a0donde trabaja, en Barcelona. Ana aprovech\u00f3 para hacerle todas las preguntas &hellip;<\/p>\n","protected":false},"author":1,"featured_media":6926,"comment_status":"closed","ping_status":"closed","sticky":false,"template":"","format":"standard","meta":{"inline_featured_image":false,"footnotes":""},"categories":[650],"tags":[668],"class_list":["post-7761","post","type-post","status-publish","format-standard","has-post-thumbnail","hentry","category-sabias-que","tag-prometeus-es"],"yoast_head":"<!-- This site is optimized with the Yoast SEO plugin v27.0 - https:\/\/yoast.com\/product\/yoast-seo-wordpress\/ -->\n<title>Democratizar la universidad - AFEV<\/title>\n<meta name=\"robots\" content=\"index, follow, max-snippet:-1, max-image-preview:large, max-video-preview:-1\" \/>\n<link rel=\"canonical\" href=\"https:\/\/afev.cat\/es\/democratizar-la-universidad\/\" \/>\n<meta property=\"og:locale\" content=\"es_ES\" \/>\n<meta property=\"og:type\" content=\"article\" \/>\n<meta property=\"og:title\" content=\"Democratizar la universidad - AFEV\" \/>\n<meta property=\"og:description\" content=\"Olga es veterinaria\u00a0y voluntaria en AFEV.\u00a0Ana\u00a0hace 2\u00ba de bachillerato y el a\u00f1o que viene quiere estudiar Veterinaria en la UAB. El jueves pasado quedaron, Olga le cont\u00f3 su experiencia en la universidad, le ense\u00f1\u00f3 el\u00a0laboratorio\u00a0donde hace investigaci\u00f3n como doctoranda y luego fueron a la\u00a0cl\u00ednica veterinaria\u00a0donde trabaja, en Barcelona. Ana aprovech\u00f3 para hacerle todas las preguntas &hellip;\" \/>\n<meta property=\"og:url\" content=\"https:\/\/afev.cat\/es\/democratizar-la-universidad\/\" \/>\n<meta property=\"og:site_name\" content=\"AFEV\" \/>\n<meta property=\"article:publisher\" content=\"https:\/\/www.facebook.com\/afevcat\" \/>\n<meta property=\"article:published_time\" content=\"2019-05-02T12:19:38+00:00\" \/>\n<meta property=\"article:modified_time\" content=\"2020-09-29T08:41:04+00:00\" \/>\n<meta property=\"og:image\" content=\"https:\/\/afev.cat\/wp-content\/uploads\/2020\/02\/AnaGarrido_OlgaBlanco.jpg\" \/>\n\t<meta property=\"og:image:width\" content=\"1600\" \/>\n\t<meta property=\"og:image:height\" content=\"900\" \/>\n\t<meta property=\"og:image:type\" content=\"image\/jpeg\" \/>\n<meta name=\"author\" content=\"adminTandem\" \/>\n<meta name=\"twitter:card\" content=\"summary_large_image\" \/>\n<meta name=\"twitter:creator\" content=\"@afevcat\" \/>\n<meta name=\"twitter:site\" content=\"@afevcat\" \/>\n<meta name=\"twitter:label1\" content=\"Escrito por\" \/>\n\t<meta name=\"twitter:data1\" content=\"adminTandem\" \/>\n\t<meta name=\"twitter:label2\" content=\"Tiempo de lectura\" \/>\n\t<meta name=\"twitter:data2\" content=\"4 minutos\" \/>\n<script type=\"application\/ld+json\" class=\"yoast-schema-graph\">{\"@context\":\"https:\/\/schema.org\",\"@graph\":[{\"@type\":\"Article\",\"@id\":\"https:\/\/afev.cat\/es\/democratizar-la-universidad\/#article\",\"isPartOf\":{\"@id\":\"https:\/\/afev.cat\/es\/democratizar-la-universidad\/\"},\"author\":{\"name\":\"adminTandem\",\"@id\":\"https:\/\/afev.cat\/es\/#\/schema\/person\/2111428ce1954193a11054a1e2b5b0da\"},\"headline\":\"Democratizar la universidad\",\"datePublished\":\"2019-05-02T12:19:38+00:00\",\"dateModified\":\"2020-09-29T08:41:04+00:00\",\"mainEntityOfPage\":{\"@id\":\"https:\/\/afev.cat\/es\/democratizar-la-universidad\/\"},\"wordCount\":859,\"image\":{\"@id\":\"https:\/\/afev.cat\/es\/democratizar-la-universidad\/#primaryimage\"},\"thumbnailUrl\":\"https:\/\/afev.cat\/wp-content\/uploads\/2020\/02\/AnaGarrido_OlgaBlanco.jpg\",\"keywords\":[\"Prometeus\"],\"articleSection\":[\"Sab\u00edas que\"],\"inLanguage\":\"es\"},{\"@type\":\"WebPage\",\"@id\":\"https:\/\/afev.cat\/es\/democratizar-la-universidad\/\",\"url\":\"https:\/\/afev.cat\/es\/democratizar-la-universidad\/\",\"name\":\"Democratizar la universidad - AFEV\",\"isPartOf\":{\"@id\":\"https:\/\/afev.cat\/es\/#website\"},\"primaryImageOfPage\":{\"@id\":\"https:\/\/afev.cat\/es\/democratizar-la-universidad\/#primaryimage\"},\"image\":{\"@id\":\"https:\/\/afev.cat\/es\/democratizar-la-universidad\/#primaryimage\"},\"thumbnailUrl\":\"https:\/\/afev.cat\/wp-content\/uploads\/2020\/02\/AnaGarrido_OlgaBlanco.jpg\",\"datePublished\":\"2019-05-02T12:19:38+00:00\",\"dateModified\":\"2020-09-29T08:41:04+00:00\",\"author\":{\"@id\":\"https:\/\/afev.cat\/es\/#\/schema\/person\/2111428ce1954193a11054a1e2b5b0da\"},\"breadcrumb\":{\"@id\":\"https:\/\/afev.cat\/es\/democratizar-la-universidad\/#breadcrumb\"},\"inLanguage\":\"es\",\"potentialAction\":[{\"@type\":\"ReadAction\",\"target\":[\"https:\/\/afev.cat\/es\/democratizar-la-universidad\/\"]}]},{\"@type\":\"ImageObject\",\"inLanguage\":\"es\",\"@id\":\"https:\/\/afev.cat\/es\/democratizar-la-universidad\/#primaryimage\",\"url\":\"https:\/\/afev.cat\/wp-content\/uploads\/2020\/02\/AnaGarrido_OlgaBlanco.jpg\",\"contentUrl\":\"https:\/\/afev.cat\/wp-content\/uploads\/2020\/02\/AnaGarrido_OlgaBlanco.jpg\",\"width\":1600,\"height\":900,\"caption\":\"Trobada joves prometeus\"},{\"@type\":\"BreadcrumbList\",\"@id\":\"https:\/\/afev.cat\/es\/democratizar-la-universidad\/#breadcrumb\",\"itemListElement\":[{\"@type\":\"ListItem\",\"position\":1,\"name\":\"Inici\",\"item\":\"https:\/\/afev.cat\/es\/\"},{\"@type\":\"ListItem\",\"position\":2,\"name\":\"Democratizar la universidad\"}]},{\"@type\":\"WebSite\",\"@id\":\"https:\/\/afev.cat\/es\/#website\",\"url\":\"https:\/\/afev.cat\/es\/\",\"name\":\"AFEV\",\"description\":\"Voluntariat social entre joves\",\"potentialAction\":[{\"@type\":\"SearchAction\",\"target\":{\"@type\":\"EntryPoint\",\"urlTemplate\":\"https:\/\/afev.cat\/es\/?s={search_term_string}\"},\"query-input\":{\"@type\":\"PropertyValueSpecification\",\"valueRequired\":true,\"valueName\":\"search_term_string\"}}],\"inLanguage\":\"es\"},{\"@type\":\"Person\",\"@id\":\"https:\/\/afev.cat\/es\/#\/schema\/person\/2111428ce1954193a11054a1e2b5b0da\",\"name\":\"adminTandem\",\"url\":\"https:\/\/afev.cat\/es\/author\/admintandem\/\"}]}<\/script>\n<!-- \/ Yoast SEO plugin. -->","yoast_head_json":{"title":"Democratizar la universidad - AFEV","robots":{"index":"index","follow":"follow","max-snippet":"max-snippet:-1","max-image-preview":"max-image-preview:large","max-video-preview":"max-video-preview:-1"},"canonical":"https:\/\/afev.cat\/es\/democratizar-la-universidad\/","og_locale":"es_ES","og_type":"article","og_title":"Democratizar la universidad - AFEV","og_description":"Olga es veterinaria\u00a0y voluntaria en AFEV.\u00a0Ana\u00a0hace 2\u00ba de bachillerato y el a\u00f1o que viene quiere estudiar Veterinaria en la UAB. El jueves pasado quedaron, Olga le cont\u00f3 su experiencia en la universidad, le ense\u00f1\u00f3 el\u00a0laboratorio\u00a0donde hace investigaci\u00f3n como doctoranda y luego fueron a la\u00a0cl\u00ednica veterinaria\u00a0donde trabaja, en Barcelona. Ana aprovech\u00f3 para hacerle todas las preguntas &hellip;","og_url":"https:\/\/afev.cat\/es\/democratizar-la-universidad\/","og_site_name":"AFEV","article_publisher":"https:\/\/www.facebook.com\/afevcat","article_published_time":"2019-05-02T12:19:38+00:00","article_modified_time":"2020-09-29T08:41:04+00:00","og_image":[{"width":1600,"height":900,"url":"https:\/\/afev.cat\/wp-content\/uploads\/2020\/02\/AnaGarrido_OlgaBlanco.jpg","type":"image\/jpeg"}],"author":"adminTandem","twitter_card":"summary_large_image","twitter_creator":"@afevcat","twitter_site":"@afevcat","twitter_misc":{"Escrito por":"adminTandem","Tiempo de lectura":"4 minutos"},"schema":{"@context":"https:\/\/schema.org","@graph":[{"@type":"Article","@id":"https:\/\/afev.cat\/es\/democratizar-la-universidad\/#article","isPartOf":{"@id":"https:\/\/afev.cat\/es\/democratizar-la-universidad\/"},"author":{"name":"adminTandem","@id":"https:\/\/afev.cat\/es\/#\/schema\/person\/2111428ce1954193a11054a1e2b5b0da"},"headline":"Democratizar la universidad","datePublished":"2019-05-02T12:19:38+00:00","dateModified":"2020-09-29T08:41:04+00:00","mainEntityOfPage":{"@id":"https:\/\/afev.cat\/es\/democratizar-la-universidad\/"},"wordCount":859,"image":{"@id":"https:\/\/afev.cat\/es\/democratizar-la-universidad\/#primaryimage"},"thumbnailUrl":"https:\/\/afev.cat\/wp-content\/uploads\/2020\/02\/AnaGarrido_OlgaBlanco.jpg","keywords":["Prometeus"],"articleSection":["Sab\u00edas que"],"inLanguage":"es"},{"@type":"WebPage","@id":"https:\/\/afev.cat\/es\/democratizar-la-universidad\/","url":"https:\/\/afev.cat\/es\/democratizar-la-universidad\/","name":"Democratizar la universidad - AFEV","isPartOf":{"@id":"https:\/\/afev.cat\/es\/#website"},"primaryImageOfPage":{"@id":"https:\/\/afev.cat\/es\/democratizar-la-universidad\/#primaryimage"},"image":{"@id":"https:\/\/afev.cat\/es\/democratizar-la-universidad\/#primaryimage"},"thumbnailUrl":"https:\/\/afev.cat\/wp-content\/uploads\/2020\/02\/AnaGarrido_OlgaBlanco.jpg","datePublished":"2019-05-02T12:19:38+00:00","dateModified":"2020-09-29T08:41:04+00:00","author":{"@id":"https:\/\/afev.cat\/es\/#\/schema\/person\/2111428ce1954193a11054a1e2b5b0da"},"breadcrumb":{"@id":"https:\/\/afev.cat\/es\/democratizar-la-universidad\/#breadcrumb"},"inLanguage":"es","potentialAction":[{"@type":"ReadAction","target":["https:\/\/afev.cat\/es\/democratizar-la-universidad\/"]}]},{"@type":"ImageObject","inLanguage":"es","@id":"https:\/\/afev.cat\/es\/democratizar-la-universidad\/#primaryimage","url":"https:\/\/afev.cat\/wp-content\/uploads\/2020\/02\/AnaGarrido_OlgaBlanco.jpg","contentUrl":"https:\/\/afev.cat\/wp-content\/uploads\/2020\/02\/AnaGarrido_OlgaBlanco.jpg","width":1600,"height":900,"caption":"Trobada joves prometeus"},{"@type":"BreadcrumbList","@id":"https:\/\/afev.cat\/es\/democratizar-la-universidad\/#breadcrumb","itemListElement":[{"@type":"ListItem","position":1,"name":"Inici","item":"https:\/\/afev.cat\/es\/"},{"@type":"ListItem","position":2,"name":"Democratizar la universidad"}]},{"@type":"WebSite","@id":"https:\/\/afev.cat\/es\/#website","url":"https:\/\/afev.cat\/es\/","name":"AFEV","description":"Voluntariat social entre joves","potentialAction":[{"@type":"SearchAction","target":{"@type":"EntryPoint","urlTemplate":"https:\/\/afev.cat\/es\/?s={search_term_string}"},"query-input":{"@type":"PropertyValueSpecification","valueRequired":true,"valueName":"search_term_string"}}],"inLanguage":"es"},{"@type":"Person","@id":"https:\/\/afev.cat\/es\/#\/schema\/person\/2111428ce1954193a11054a1e2b5b0da","name":"adminTandem","url":"https:\/\/afev.cat\/es\/author\/admintandem\/"}]}},"_links":{"self":[{"href":"https:\/\/afev.cat\/es\/wp-json\/wp\/v2\/posts\/7761","targetHints":{"allow":["GET"]}}],"collection":[{"href":"https:\/\/afev.cat\/es\/wp-json\/wp\/v2\/posts"}],"about":[{"href":"https:\/\/afev.cat\/es\/wp-json\/wp\/v2\/types\/post"}],"author":[{"embeddable":true,"href":"https:\/\/afev.cat\/es\/wp-json\/wp\/v2\/users\/1"}],"replies":[{"embeddable":true,"href":"https:\/\/afev.cat\/es\/wp-json\/wp\/v2\/comments?post=7761"}],"version-history":[{"count":4,"href":"https:\/\/afev.cat\/es\/wp-json\/wp\/v2\/posts\/7761\/revisions"}],"predecessor-version":[{"id":7766,"href":"https:\/\/afev.cat\/es\/wp-json\/wp\/v2\/posts\/7761\/revisions\/7766"}],"wp:featuredmedia":[{"embeddable":true,"href":"https:\/\/afev.cat\/es\/wp-json\/wp\/v2\/media\/6926"}],"wp:attachment":[{"href":"https:\/\/afev.cat\/es\/wp-json\/wp\/v2\/media?parent=7761"}],"wp:term":[{"taxonomy":"category","embeddable":true,"href":"https:\/\/afev.cat\/es\/wp-json\/wp\/v2\/categories?post=7761"},{"taxonomy":"post_tag","embeddable":true,"href":"https:\/\/afev.cat\/es\/wp-json\/wp\/v2\/tags?post=7761"}],"curies":[{"name":"wp","href":"https:\/\/api.w.org\/{rel}","templated":true}]}}