{"id":7494,"date":"2020-07-20T14:20:00","date_gmt":"2020-07-20T12:20:00","guid":{"rendered":"https:\/\/afev.cat\/?p=7494"},"modified":"2020-09-21T16:46:48","modified_gmt":"2020-09-21T14:46:48","slug":"mentoria-social-para-combatir-la-emergencia-educativa","status":"publish","type":"post","link":"https:\/\/afev.cat\/es\/mentoria-social-para-combatir-la-emergencia-educativa\/","title":{"rendered":"Mentor\u00eda social para combatir la emergencia educativa"},"content":{"rendered":"\n<p>La AFEV buscamos a m\u00e1s de <strong>100 personas voluntarias j\u00f3venes entre 18 y 35 a\u00f1os<\/strong> que quieran ser mentoras en Barcelona y en Valencia el curso que viene, dado que nos gustar\u00eda <strong>ofrecer nuestros t\u00e1ndems a m\u00e1s alumnos<\/strong> y as\u00ed <strong>contribuir a hacer frente a la nueva situaci\u00f3n de emergencia educativa causada por la Covid-19<\/strong>.<\/p>\n<p>Este mes de julio hemos empezado la selecci\u00f3n de nuevas personas mentoras, a quien formaremos para emprender nuevos t\u00e1ndems en el nuevo escenario post-pandemia. Buscamos personas con ganas de contribuir a paliar la brecha educativa, abiertas a conocer, aprender, adaptarse y crecer.<\/p>\n<p>A partir del mes de septiembre, los y las estudiantes de ciclos obligatorios y postobligatorios volver\u00e1n, presumiblemente, a retomar el curso escolar. Sin embargo, para muchos chicos y chicas, la vivencia del largo confinamiento derivado de la pandemia y de las vacaciones de verano posterior, supondr\u00e1n una ruptura importante con su vida escolar.<\/p>\n<p>Por eso, hablamos de emergencia educativa en un pa\u00eds donde ya antes de la crisis ten\u00edamos una tasa de <strong>Abandono Escolar Prematuro<\/strong> (17% de los j\u00f3venes entre 18 y 24 a\u00f1os que no estudian m\u00e1s all\u00e1 de la ESO en Catalu\u00f1a y 19,5% en Valencia) muy por encima de la media europea (que es de un 10%).<\/p>\n<p>La pausa de la educaci\u00f3n presencial de 6 meses se puede traducir en el caso de los alumnos m\u00e1s vulnerables en mayor desmotivaci\u00f3n, p\u00e9rdida de h\u00e1bitos, desencanto sobre la vida en el centro educativo, miedos, malestar emocional o incluso trastornos de salud mental.<\/p>\n<h2>Apostamos por una metodolog\u00eda de innovaci\u00f3n social<\/h2>\n<p>Toda la comunidad educativa est\u00e1 planteando como retomar el curso con la m\u00e1xima normalidad y, sobre todo, paliar las consecuencias que haya podido tener esta parada en el alumnado en general y, sobre todo, en el que se encuentra en mayor situaci\u00f3n de riesgo.<\/p>\n<p>Una metodolog\u00eda que ha demostrado tener un impacto positivo en la motivaci\u00f3n, el bienestar emocional, las competencias interpersonales y la orientaci\u00f3n es la mentor\u00eda social y educativa.<\/p>\n<p>Las referentes educativas (profesorado, maestras, equipos de servicios sociales) de los participantes en el proyecto de mentor\u00eda de la AFEV <em><strong>enT\u00e0ndem<\/strong> <\/em>consideran que <strong>el 85% de los chicos y chicas mejoran en las competencias intra e interpersonales<\/strong>, sobre todo en su autoestima, autonom\u00eda y autoconocimiento. El <strong>80% de los estudiantes de secundaria mentorados afirman que tienen m\u00e1s claro lo que har\u00e1n despu\u00e9s de la ESO<\/strong> y sus familias creen que han mejorado en su motivaci\u00f3n y deseo por aprender. Los chicos y chicas dicen sentirse m\u00e1s contentos\/as, menos t\u00edmidos\/as y que tienen mejor relaci\u00f3n con sus compa\u00f1eros y compa\u00f1eras, gracias al efecto del acompa\u00f1amiento educativo.<\/p>\n<p>Si te gustar\u00eda hacer voluntariado como mentor o mentora, inscr\u00edbete a una sesi\u00f3n informativa! <a href=\"https:\/\/docs.google.com\/forms\/d\/e\/1FAIpQLSeeTnYJr1dTnFZ-fFryLnsPKzZ0v9l0ynjVWzktsAr67iMoXg\/viewform\" target=\"_blank\" rel=\"noopener noreferrer\">Rellena este formulario<\/a> o escr\u00edbenos a <a href=\"mailto:voluntariat@afev.org\">voluntariat@afev.org<\/a>.<\/p>\n","protected":false},"excerpt":{"rendered":"<p>La AFEV buscamos a m\u00e1s de 100 personas voluntarias j\u00f3venes entre 18 y 35 a\u00f1os que quieran ser mentoras en Barcelona y en Valencia el curso que viene, dado que nos gustar\u00eda ofrecer nuestros t\u00e1ndems a m\u00e1s alumnos y as\u00ed contribuir a hacer frente a la nueva situaci\u00f3n de emergencia educativa causada por la Covid-19. &hellip;<\/p>\n","protected":false},"author":1,"featured_media":7492,"comment_status":"closed","ping_status":"open","sticky":false,"template":"","format":"standard","meta":{"inline_featured_image":false,"footnotes":""},"categories":[650],"tags":[],"class_list":["post-7494","post","type-post","status-publish","format-standard","has-post-thumbnail","hentry","category-sabias-que"],"yoast_head":"<!-- This site is optimized with the Yoast SEO plugin v27.0 - https:\/\/yoast.com\/product\/yoast-seo-wordpress\/ -->\n<title>Mentor\u00eda social para combatir la emergencia educativa - AFEV<\/title>\n<meta name=\"robots\" content=\"index, follow, max-snippet:-1, max-image-preview:large, max-video-preview:-1\" \/>\n<link rel=\"canonical\" href=\"https:\/\/afev.cat\/es\/mentoria-social-para-combatir-la-emergencia-educativa\/\" \/>\n<meta property=\"og:locale\" content=\"es_ES\" \/>\n<meta property=\"og:type\" content=\"article\" \/>\n<meta property=\"og:title\" content=\"Mentor\u00eda social para combatir la emergencia educativa - AFEV\" \/>\n<meta property=\"og:description\" content=\"La AFEV buscamos a m\u00e1s de 100 personas voluntarias j\u00f3venes entre 18 y 35 a\u00f1os que quieran ser mentoras en Barcelona y en Valencia el curso que viene, dado que nos gustar\u00eda ofrecer nuestros t\u00e1ndems a m\u00e1s alumnos y as\u00ed contribuir a hacer frente a la nueva situaci\u00f3n de emergencia educativa causada por la Covid-19. &hellip;\" \/>\n<meta property=\"og:url\" content=\"https:\/\/afev.cat\/es\/mentoria-social-para-combatir-la-emergencia-educativa\/\" \/>\n<meta property=\"og:site_name\" content=\"AFEV\" \/>\n<meta property=\"article:publisher\" content=\"https:\/\/www.facebook.com\/afevcat\" \/>\n<meta property=\"article:published_time\" content=\"2020-07-20T12:20:00+00:00\" \/>\n<meta property=\"article:modified_time\" content=\"2020-09-21T14:46:48+00:00\" \/>\n<meta property=\"og:image\" content=\"https:\/\/afev.cat\/wp-content\/uploads\/2020\/07\/5.jpg\" \/>\n\t<meta property=\"og:image:width\" content=\"2500\" \/>\n\t<meta property=\"og:image:height\" content=\"1667\" \/>\n\t<meta property=\"og:image:type\" content=\"image\/jpeg\" \/>\n<meta name=\"author\" content=\"adminTandem\" \/>\n<meta name=\"twitter:card\" content=\"summary_large_image\" \/>\n<meta name=\"twitter:creator\" content=\"@afevcat\" \/>\n<meta name=\"twitter:site\" content=\"@afevcat\" \/>\n<meta name=\"twitter:label1\" content=\"Escrito por\" \/>\n\t<meta name=\"twitter:data1\" content=\"adminTandem\" \/>\n\t<meta name=\"twitter:label2\" content=\"Tiempo de lectura\" \/>\n\t<meta name=\"twitter:data2\" content=\"2 minutos\" \/>\n<script type=\"application\/ld+json\" class=\"yoast-schema-graph\">{\"@context\":\"https:\/\/schema.org\",\"@graph\":[{\"@type\":\"Article\",\"@id\":\"https:\/\/afev.cat\/es\/mentoria-social-para-combatir-la-emergencia-educativa\/#article\",\"isPartOf\":{\"@id\":\"https:\/\/afev.cat\/es\/mentoria-social-para-combatir-la-emergencia-educativa\/\"},\"author\":{\"name\":\"adminTandem\",\"@id\":\"https:\/\/afev.cat\/es\/#\/schema\/person\/2111428ce1954193a11054a1e2b5b0da\"},\"headline\":\"Mentor\u00eda social para combatir la emergencia educativa\",\"datePublished\":\"2020-07-20T12:20:00+00:00\",\"dateModified\":\"2020-09-21T14:46:48+00:00\",\"mainEntityOfPage\":{\"@id\":\"https:\/\/afev.cat\/es\/mentoria-social-para-combatir-la-emergencia-educativa\/\"},\"wordCount\":502,\"image\":{\"@id\":\"https:\/\/afev.cat\/es\/mentoria-social-para-combatir-la-emergencia-educativa\/#primaryimage\"},\"thumbnailUrl\":\"https:\/\/afev.cat\/wp-content\/uploads\/2020\/07\/5.jpg\",\"articleSection\":[\"Sab\u00edas que\"],\"inLanguage\":\"es\"},{\"@type\":\"WebPage\",\"@id\":\"https:\/\/afev.cat\/es\/mentoria-social-para-combatir-la-emergencia-educativa\/\",\"url\":\"https:\/\/afev.cat\/es\/mentoria-social-para-combatir-la-emergencia-educativa\/\",\"name\":\"Mentor\u00eda social para combatir la emergencia educativa - AFEV\",\"isPartOf\":{\"@id\":\"https:\/\/afev.cat\/es\/#website\"},\"primaryImageOfPage\":{\"@id\":\"https:\/\/afev.cat\/es\/mentoria-social-para-combatir-la-emergencia-educativa\/#primaryimage\"},\"image\":{\"@id\":\"https:\/\/afev.cat\/es\/mentoria-social-para-combatir-la-emergencia-educativa\/#primaryimage\"},\"thumbnailUrl\":\"https:\/\/afev.cat\/wp-content\/uploads\/2020\/07\/5.jpg\",\"datePublished\":\"2020-07-20T12:20:00+00:00\",\"dateModified\":\"2020-09-21T14:46:48+00:00\",\"author\":{\"@id\":\"https:\/\/afev.cat\/es\/#\/schema\/person\/2111428ce1954193a11054a1e2b5b0da\"},\"breadcrumb\":{\"@id\":\"https:\/\/afev.cat\/es\/mentoria-social-para-combatir-la-emergencia-educativa\/#breadcrumb\"},\"inLanguage\":\"es\",\"potentialAction\":[{\"@type\":\"ReadAction\",\"target\":[\"https:\/\/afev.cat\/es\/mentoria-social-para-combatir-la-emergencia-educativa\/\"]}]},{\"@type\":\"ImageObject\",\"inLanguage\":\"es\",\"@id\":\"https:\/\/afev.cat\/es\/mentoria-social-para-combatir-la-emergencia-educativa\/#primaryimage\",\"url\":\"https:\/\/afev.cat\/wp-content\/uploads\/2020\/07\/5.jpg\",\"contentUrl\":\"https:\/\/afev.cat\/wp-content\/uploads\/2020\/07\/5.jpg\",\"width\":2500,\"height\":1667,\"caption\":\"Mentoria social AFEV\"},{\"@type\":\"BreadcrumbList\",\"@id\":\"https:\/\/afev.cat\/es\/mentoria-social-para-combatir-la-emergencia-educativa\/#breadcrumb\",\"itemListElement\":[{\"@type\":\"ListItem\",\"position\":1,\"name\":\"Inici\",\"item\":\"https:\/\/afev.cat\/es\/\"},{\"@type\":\"ListItem\",\"position\":2,\"name\":\"Mentor\u00eda social para combatir la emergencia educativa\"}]},{\"@type\":\"WebSite\",\"@id\":\"https:\/\/afev.cat\/es\/#website\",\"url\":\"https:\/\/afev.cat\/es\/\",\"name\":\"AFEV\",\"description\":\"Voluntariat social entre joves\",\"potentialAction\":[{\"@type\":\"SearchAction\",\"target\":{\"@type\":\"EntryPoint\",\"urlTemplate\":\"https:\/\/afev.cat\/es\/?s={search_term_string}\"},\"query-input\":{\"@type\":\"PropertyValueSpecification\",\"valueRequired\":true,\"valueName\":\"search_term_string\"}}],\"inLanguage\":\"es\"},{\"@type\":\"Person\",\"@id\":\"https:\/\/afev.cat\/es\/#\/schema\/person\/2111428ce1954193a11054a1e2b5b0da\",\"name\":\"adminTandem\",\"url\":\"https:\/\/afev.cat\/es\/author\/admintandem\/\"}]}<\/script>\n<!-- \/ Yoast SEO plugin. -->","yoast_head_json":{"title":"Mentor\u00eda social para combatir la emergencia educativa - AFEV","robots":{"index":"index","follow":"follow","max-snippet":"max-snippet:-1","max-image-preview":"max-image-preview:large","max-video-preview":"max-video-preview:-1"},"canonical":"https:\/\/afev.cat\/es\/mentoria-social-para-combatir-la-emergencia-educativa\/","og_locale":"es_ES","og_type":"article","og_title":"Mentor\u00eda social para combatir la emergencia educativa - AFEV","og_description":"La AFEV buscamos a m\u00e1s de 100 personas voluntarias j\u00f3venes entre 18 y 35 a\u00f1os que quieran ser mentoras en Barcelona y en Valencia el curso que viene, dado que nos gustar\u00eda ofrecer nuestros t\u00e1ndems a m\u00e1s alumnos y as\u00ed contribuir a hacer frente a la nueva situaci\u00f3n de emergencia educativa causada por la Covid-19. &hellip;","og_url":"https:\/\/afev.cat\/es\/mentoria-social-para-combatir-la-emergencia-educativa\/","og_site_name":"AFEV","article_publisher":"https:\/\/www.facebook.com\/afevcat","article_published_time":"2020-07-20T12:20:00+00:00","article_modified_time":"2020-09-21T14:46:48+00:00","og_image":[{"width":2500,"height":1667,"url":"https:\/\/afev.cat\/wp-content\/uploads\/2020\/07\/5.jpg","type":"image\/jpeg"}],"author":"adminTandem","twitter_card":"summary_large_image","twitter_creator":"@afevcat","twitter_site":"@afevcat","twitter_misc":{"Escrito por":"adminTandem","Tiempo de lectura":"2 minutos"},"schema":{"@context":"https:\/\/schema.org","@graph":[{"@type":"Article","@id":"https:\/\/afev.cat\/es\/mentoria-social-para-combatir-la-emergencia-educativa\/#article","isPartOf":{"@id":"https:\/\/afev.cat\/es\/mentoria-social-para-combatir-la-emergencia-educativa\/"},"author":{"name":"adminTandem","@id":"https:\/\/afev.cat\/es\/#\/schema\/person\/2111428ce1954193a11054a1e2b5b0da"},"headline":"Mentor\u00eda social para combatir la emergencia educativa","datePublished":"2020-07-20T12:20:00+00:00","dateModified":"2020-09-21T14:46:48+00:00","mainEntityOfPage":{"@id":"https:\/\/afev.cat\/es\/mentoria-social-para-combatir-la-emergencia-educativa\/"},"wordCount":502,"image":{"@id":"https:\/\/afev.cat\/es\/mentoria-social-para-combatir-la-emergencia-educativa\/#primaryimage"},"thumbnailUrl":"https:\/\/afev.cat\/wp-content\/uploads\/2020\/07\/5.jpg","articleSection":["Sab\u00edas que"],"inLanguage":"es"},{"@type":"WebPage","@id":"https:\/\/afev.cat\/es\/mentoria-social-para-combatir-la-emergencia-educativa\/","url":"https:\/\/afev.cat\/es\/mentoria-social-para-combatir-la-emergencia-educativa\/","name":"Mentor\u00eda social para combatir la emergencia educativa - AFEV","isPartOf":{"@id":"https:\/\/afev.cat\/es\/#website"},"primaryImageOfPage":{"@id":"https:\/\/afev.cat\/es\/mentoria-social-para-combatir-la-emergencia-educativa\/#primaryimage"},"image":{"@id":"https:\/\/afev.cat\/es\/mentoria-social-para-combatir-la-emergencia-educativa\/#primaryimage"},"thumbnailUrl":"https:\/\/afev.cat\/wp-content\/uploads\/2020\/07\/5.jpg","datePublished":"2020-07-20T12:20:00+00:00","dateModified":"2020-09-21T14:46:48+00:00","author":{"@id":"https:\/\/afev.cat\/es\/#\/schema\/person\/2111428ce1954193a11054a1e2b5b0da"},"breadcrumb":{"@id":"https:\/\/afev.cat\/es\/mentoria-social-para-combatir-la-emergencia-educativa\/#breadcrumb"},"inLanguage":"es","potentialAction":[{"@type":"ReadAction","target":["https:\/\/afev.cat\/es\/mentoria-social-para-combatir-la-emergencia-educativa\/"]}]},{"@type":"ImageObject","inLanguage":"es","@id":"https:\/\/afev.cat\/es\/mentoria-social-para-combatir-la-emergencia-educativa\/#primaryimage","url":"https:\/\/afev.cat\/wp-content\/uploads\/2020\/07\/5.jpg","contentUrl":"https:\/\/afev.cat\/wp-content\/uploads\/2020\/07\/5.jpg","width":2500,"height":1667,"caption":"Mentoria social AFEV"},{"@type":"BreadcrumbList","@id":"https:\/\/afev.cat\/es\/mentoria-social-para-combatir-la-emergencia-educativa\/#breadcrumb","itemListElement":[{"@type":"ListItem","position":1,"name":"Inici","item":"https:\/\/afev.cat\/es\/"},{"@type":"ListItem","position":2,"name":"Mentor\u00eda social para combatir la emergencia educativa"}]},{"@type":"WebSite","@id":"https:\/\/afev.cat\/es\/#website","url":"https:\/\/afev.cat\/es\/","name":"AFEV","description":"Voluntariat social entre joves","potentialAction":[{"@type":"SearchAction","target":{"@type":"EntryPoint","urlTemplate":"https:\/\/afev.cat\/es\/?s={search_term_string}"},"query-input":{"@type":"PropertyValueSpecification","valueRequired":true,"valueName":"search_term_string"}}],"inLanguage":"es"},{"@type":"Person","@id":"https:\/\/afev.cat\/es\/#\/schema\/person\/2111428ce1954193a11054a1e2b5b0da","name":"adminTandem","url":"https:\/\/afev.cat\/es\/author\/admintandem\/"}]}},"_links":{"self":[{"href":"https:\/\/afev.cat\/es\/wp-json\/wp\/v2\/posts\/7494","targetHints":{"allow":["GET"]}}],"collection":[{"href":"https:\/\/afev.cat\/es\/wp-json\/wp\/v2\/posts"}],"about":[{"href":"https:\/\/afev.cat\/es\/wp-json\/wp\/v2\/types\/post"}],"author":[{"embeddable":true,"href":"https:\/\/afev.cat\/es\/wp-json\/wp\/v2\/users\/1"}],"replies":[{"embeddable":true,"href":"https:\/\/afev.cat\/es\/wp-json\/wp\/v2\/comments?post=7494"}],"version-history":[{"count":2,"href":"https:\/\/afev.cat\/es\/wp-json\/wp\/v2\/posts\/7494\/revisions"}],"predecessor-version":[{"id":7758,"href":"https:\/\/afev.cat\/es\/wp-json\/wp\/v2\/posts\/7494\/revisions\/7758"}],"wp:featuredmedia":[{"embeddable":true,"href":"https:\/\/afev.cat\/es\/wp-json\/wp\/v2\/media\/7492"}],"wp:attachment":[{"href":"https:\/\/afev.cat\/es\/wp-json\/wp\/v2\/media?parent=7494"}],"wp:term":[{"taxonomy":"category","embeddable":true,"href":"https:\/\/afev.cat\/es\/wp-json\/wp\/v2\/categories?post=7494"},{"taxonomy":"post_tag","embeddable":true,"href":"https:\/\/afev.cat\/es\/wp-json\/wp\/v2\/tags?post=7494"}],"curies":[{"name":"wp","href":"https:\/\/api.w.org\/{rel}","templated":true}]}}