{"id":7486,"date":"2020-05-29T14:13:00","date_gmt":"2020-05-29T12:13:00","guid":{"rendered":"https:\/\/afev.cat\/?p=7486"},"modified":"2020-09-21T16:46:53","modified_gmt":"2020-09-21T14:46:53","slug":"hacer-malabares-entre-la-universidad-y-el-voluntariado-fue-una-actividad-deportiva","status":"publish","type":"post","link":"https:\/\/afev.cat\/es\/hacer-malabares-entre-la-universidad-y-el-voluntariado-fue-una-actividad-deportiva\/","title":{"rendered":"\u00a1Hacer malabares entre la universidad y el voluntariado:  fue una actividad deportiva!"},"content":{"rendered":"\n<p>Este escrito es una traducci\u00f3n de un art\u00edculo de <strong>Lea, 20 anys, voluntaria y becaria en Service Civique a Par\u00eds<\/strong> (Fran\u00e7a) publicado <a href=\"https:\/\/www.la-zep.fr\/engagement\/jongler-entre-la-fac-et-le-benevolat-ca-a-ete-sport\/\" target=\"_blank\" rel=\"noopener noreferrer\">en el blog Zep<\/a>.<\/p>\n<h4>Decepcionada por la universidad, multipliqu\u00e9 las acciones del voluntariado. Estas experiencias me ense\u00f1aron mucho m\u00e1s que los cursos de psicolog\u00eda.<\/h4>\n<p>Empec\u00e9 mi primer a\u00f1o de psicolog\u00eda en la Universidad de Rennes con la convicci\u00f3n de que iba a hacer lo esencial de mi formaci\u00f3n intelectual. Pero una vez que estaba en la facultad, fue como una ducha helada. Para paliar el vac\u00edo de mis estudios, dediqu\u00e9 mi tiempo libre a alimentar mi curiosidad en otra parte y a comprometerme en asociaciones.<\/p>\n<p>En segundo de bachillerato, cuando tuve que elegir mi vocaci\u00f3n, la idea de convertirme en psic\u00f3loga apareci\u00f3 como un brote de inspiraci\u00f3n: <strong>me encantaban las confidencias, era muy emp\u00e1tica, y sobre todo quer\u00eda ayudar a los dem\u00e1s<\/strong>. Esperaba secretamente eliminar el dolor de la gente y me vi como la que los salvar\u00eda de sus sufrimientos. Era ingenuo y presuntuoso, pero <strong>esperaba que mi trabajo tuviera un impacto concreto<\/strong>. Y como odio hacer las cosas a medias, ya estaba pensando en <strong>adentrarme en asociaciones para usar mis cualidades humanas<\/strong>.<\/p>\n<p>Cuando empez\u00f3 el a\u00f1o escolar, aprovech\u00e9 la oportunidad para dedicar tiempo al voluntariado.<\/p>\n<p>Antes del inicio del curso, los becarios de la AFEV nos presentaron la estructura y el proyecto. Unas semanas despu\u00e9s, <strong>conoc\u00ed a la ni\u00f1a de quien iba a ser mentora<\/strong> durante el a\u00f1o. <strong>Implicarme con ella me permiti\u00f3<\/strong> canalizar mi hiperactividad y, al mismo tiempo, <strong>adquirir nuevas competencias<\/strong>. <strong>Ten\u00eda que ser creativa cada semana para proponer juegos o actividades diferentes, para establecer una relaci\u00f3n de confianza. Ten\u00eda la impresi\u00f3n de estar usando inteligentemente mi tiempo libre<\/strong>.<\/p>\n<h2>Hab\u00eda fantaseado con el curso universitario<\/h2>\n<p>En paralelo, el curso universitario creaba mi rutina. Los primeros meses, descubr\u00ed la vida estudiante, y estaba excitada por aprender conceptos nuevos y luego, todo pareci\u00f3 menos bonito. Viv\u00ed una verdadera desilusi\u00f3n.<\/p>\n<p>Estaba tan segura de mi proyecto profesional cuando entr\u00e9 en la universidad que me autoenga\u00f1\u00e9 un tiempo antes de darme cuenta que no estaba satisfecha.<\/p>\n<p>Adem\u00e1s, era de naturaleza muy curiosa, y el tiempo investido en reescribir neciamente diapositivas sopor\u00edferas me aburri\u00f3 profundamente.<\/p>\n<p>Ten\u00eda tambi\u00e9n muchas dificultades para entender <strong>c\u00f3mo podemos aprender una profesi\u00f3n basada en el contacto humano si te quedas detr\u00e1s de un ordenador<\/strong>.<\/p>\n<p>Ese no era mi sitio, pero no ten\u00eda ning\u00fan plan B, as\u00ed que segu\u00ed comprometi\u00e9ndome fuera de los estudios para sentirme \u00fatil.<\/p>\n<p>El verano que separaba mi primero y segundo a\u00f1o de carrera me pareci\u00f3 interminable. Entonces, casi autom\u00e1ticamente, hice voluntariado, de aqu\u00ed para all\u00e1. Ayud\u00e9 a dar cursos de franc\u00e9s a personas extranjeras. Era algo concreto, por fin. Pero eran solamente algunas horas, no suficientes para m\u00ed.<\/p>\n<h2>\u00a1Finalmente, ten\u00eda la sensaci\u00f3n de sentirme \u00fatil!<\/h2>\n<p>Pas\u00e9 por delante de un cartel de un festival al azar: \u201cVerano en el barrio\u00bb que estaba buscando personas voluntarias. Fui a una sesi\u00f3n informativa y empec\u00e9 en un centro de medios de comunicaci\u00f3n. Por curiosidad particip\u00e9 en una emisi\u00f3n de radio del Festival \u201cCanal B\u201d. Despu\u00e9s de eso, el director de la radio me dijo que estaba satisfecho con mis intervenciones y me ofreci\u00f3 crear una emisi\u00f3n juntos. <strong>La periodista que estaba al mando ese d\u00eda quer\u00eda crear una cr\u00f3nica feminista: era la oportunidad perfecta.<\/strong><\/p>\n<p>De repente, <strong>mi segundo a\u00f1o de universidad fue como hacer deporte<\/strong>, entre las clases, la preparaci\u00f3n para los ex\u00e1menes y el voluntariado. Ya no era solamente ayudar a mejorar la salud mental de la gente, sino tambi\u00e9n contribuir a mejorar la sociedad de manera general.<\/p>\n<p>A pesar de que <strong>mis compromisos asociativos<\/strong> fueran considerados como loables, (haciendo de m\u00ed una persona \u201cbuena\u201d, creo), <strong>nunca sent\u00ed que se los tomasen en serio<\/strong>.<\/p>\n<p>Ahora tengo mi t\u00edtulo de psicolog\u00eda, pero a\u00fan no puedo ofrecer apoyo psicol\u00f3gico. <strong>Para m\u00ed, lo importante es toda la energ\u00eda que puse para defender los valores en que creo<\/strong>.<\/p>\n<p><strong>\u00a1Es una acci\u00f3n que necesita de ser m\u00e1s reconocida!<\/strong><\/p>\n<p>&nbsp;<\/p>\n<p>Tambi\u00e9n te puede interesar: <a href=\"https:\/\/afev.cat\/es\/proyectos\/entandem\/logoblanquerna-2-2\/\">Abrimos las becas juveniles de la AFEV para el curso 2020-2021<\/a><\/p>\n","protected":false},"excerpt":{"rendered":"<p>Este escrito es una traducci\u00f3n de un art\u00edculo de Lea, 20 anys, voluntaria y becaria en Service Civique a Par\u00eds (Fran\u00e7a) publicado en el blog Zep. Decepcionada por la universidad, multipliqu\u00e9 las acciones del voluntariado. Estas experiencias me ense\u00f1aron mucho m\u00e1s que los cursos de psicolog\u00eda. Empec\u00e9 mi primer a\u00f1o de psicolog\u00eda en la Universidad &hellip;<\/p>\n","protected":false},"author":1,"featured_media":7484,"comment_status":"closed","ping_status":"open","sticky":false,"template":"","format":"standard","meta":{"inline_featured_image":false,"footnotes":""},"categories":[651],"tags":[],"class_list":["post-7486","post","type-post","status-publish","format-standard","has-post-thumbnail","hentry","category-testimonios"],"yoast_head":"<!-- This site is optimized with the Yoast SEO plugin v27.0 - https:\/\/yoast.com\/product\/yoast-seo-wordpress\/ -->\n<title>\u00a1Hacer malabares entre la universidad y el voluntariado: fue una actividad deportiva! - AFEV<\/title>\n<meta name=\"robots\" content=\"index, follow, max-snippet:-1, max-image-preview:large, max-video-preview:-1\" \/>\n<link rel=\"canonical\" href=\"https:\/\/afev.cat\/es\/hacer-malabares-entre-la-universidad-y-el-voluntariado-fue-una-actividad-deportiva\/\" \/>\n<meta property=\"og:locale\" content=\"es_ES\" \/>\n<meta property=\"og:type\" content=\"article\" \/>\n<meta property=\"og:title\" content=\"\u00a1Hacer malabares entre la universidad y el voluntariado: fue una actividad deportiva! - AFEV\" \/>\n<meta property=\"og:description\" content=\"Este escrito es una traducci\u00f3n de un art\u00edculo de Lea, 20 anys, voluntaria y becaria en Service Civique a Par\u00eds (Fran\u00e7a) publicado en el blog Zep. Decepcionada por la universidad, multipliqu\u00e9 las acciones del voluntariado. Estas experiencias me ense\u00f1aron mucho m\u00e1s que los cursos de psicolog\u00eda. Empec\u00e9 mi primer a\u00f1o de psicolog\u00eda en la Universidad &hellip;\" \/>\n<meta property=\"og:url\" content=\"https:\/\/afev.cat\/es\/hacer-malabares-entre-la-universidad-y-el-voluntariado-fue-una-actividad-deportiva\/\" \/>\n<meta property=\"og:site_name\" content=\"AFEV\" \/>\n<meta property=\"article:publisher\" content=\"https:\/\/www.facebook.com\/afevcat\" \/>\n<meta property=\"article:published_time\" content=\"2020-05-29T12:13:00+00:00\" \/>\n<meta property=\"article:modified_time\" content=\"2020-09-21T14:46:53+00:00\" \/>\n<meta property=\"og:image\" content=\"https:\/\/afev.cat\/wp-content\/uploads\/2020\/07\/Lea-articulo-blog-Zep.jpg\" \/>\n\t<meta property=\"og:image:width\" content=\"2560\" \/>\n\t<meta property=\"og:image:height\" content=\"1707\" \/>\n\t<meta property=\"og:image:type\" content=\"image\/jpeg\" \/>\n<meta name=\"author\" content=\"adminTandem\" \/>\n<meta name=\"twitter:card\" content=\"summary_large_image\" \/>\n<meta name=\"twitter:creator\" content=\"@afevcat\" \/>\n<meta name=\"twitter:site\" content=\"@afevcat\" \/>\n<meta name=\"twitter:label1\" content=\"Escrito por\" \/>\n\t<meta name=\"twitter:data1\" content=\"adminTandem\" \/>\n\t<meta name=\"twitter:label2\" content=\"Tiempo de lectura\" \/>\n\t<meta name=\"twitter:data2\" content=\"4 minutos\" \/>\n<script type=\"application\/ld+json\" class=\"yoast-schema-graph\">{\"@context\":\"https:\/\/schema.org\",\"@graph\":[{\"@type\":\"Article\",\"@id\":\"https:\/\/afev.cat\/es\/hacer-malabares-entre-la-universidad-y-el-voluntariado-fue-una-actividad-deportiva\/#article\",\"isPartOf\":{\"@id\":\"https:\/\/afev.cat\/es\/hacer-malabares-entre-la-universidad-y-el-voluntariado-fue-una-actividad-deportiva\/\"},\"author\":{\"name\":\"adminTandem\",\"@id\":\"https:\/\/afev.cat\/es\/#\/schema\/person\/2111428ce1954193a11054a1e2b5b0da\"},\"headline\":\"\u00a1Hacer malabares entre la universidad y el voluntariado: fue una actividad deportiva!\",\"datePublished\":\"2020-05-29T12:13:00+00:00\",\"dateModified\":\"2020-09-21T14:46:53+00:00\",\"mainEntityOfPage\":{\"@id\":\"https:\/\/afev.cat\/es\/hacer-malabares-entre-la-universidad-y-el-voluntariado-fue-una-actividad-deportiva\/\"},\"wordCount\":751,\"image\":{\"@id\":\"https:\/\/afev.cat\/es\/hacer-malabares-entre-la-universidad-y-el-voluntariado-fue-una-actividad-deportiva\/#primaryimage\"},\"thumbnailUrl\":\"https:\/\/afev.cat\/wp-content\/uploads\/2020\/07\/Lea-articulo-blog-Zep.jpg\",\"articleSection\":[\"Testimonios\"],\"inLanguage\":\"es\"},{\"@type\":\"WebPage\",\"@id\":\"https:\/\/afev.cat\/es\/hacer-malabares-entre-la-universidad-y-el-voluntariado-fue-una-actividad-deportiva\/\",\"url\":\"https:\/\/afev.cat\/es\/hacer-malabares-entre-la-universidad-y-el-voluntariado-fue-una-actividad-deportiva\/\",\"name\":\"\u00a1Hacer malabares entre la universidad y el voluntariado: fue una actividad deportiva! - AFEV\",\"isPartOf\":{\"@id\":\"https:\/\/afev.cat\/es\/#website\"},\"primaryImageOfPage\":{\"@id\":\"https:\/\/afev.cat\/es\/hacer-malabares-entre-la-universidad-y-el-voluntariado-fue-una-actividad-deportiva\/#primaryimage\"},\"image\":{\"@id\":\"https:\/\/afev.cat\/es\/hacer-malabares-entre-la-universidad-y-el-voluntariado-fue-una-actividad-deportiva\/#primaryimage\"},\"thumbnailUrl\":\"https:\/\/afev.cat\/wp-content\/uploads\/2020\/07\/Lea-articulo-blog-Zep.jpg\",\"datePublished\":\"2020-05-29T12:13:00+00:00\",\"dateModified\":\"2020-09-21T14:46:53+00:00\",\"author\":{\"@id\":\"https:\/\/afev.cat\/es\/#\/schema\/person\/2111428ce1954193a11054a1e2b5b0da\"},\"breadcrumb\":{\"@id\":\"https:\/\/afev.cat\/es\/hacer-malabares-entre-la-universidad-y-el-voluntariado-fue-una-actividad-deportiva\/#breadcrumb\"},\"inLanguage\":\"es\",\"potentialAction\":[{\"@type\":\"ReadAction\",\"target\":[\"https:\/\/afev.cat\/es\/hacer-malabares-entre-la-universidad-y-el-voluntariado-fue-una-actividad-deportiva\/\"]}]},{\"@type\":\"ImageObject\",\"inLanguage\":\"es\",\"@id\":\"https:\/\/afev.cat\/es\/hacer-malabares-entre-la-universidad-y-el-voluntariado-fue-una-actividad-deportiva\/#primaryimage\",\"url\":\"https:\/\/afev.cat\/wp-content\/uploads\/2020\/07\/Lea-articulo-blog-Zep.jpg\",\"contentUrl\":\"https:\/\/afev.cat\/wp-content\/uploads\/2020\/07\/Lea-articulo-blog-Zep.jpg\",\"width\":2560,\"height\":1707,\"caption\":\"blog-Zep AFEV\"},{\"@type\":\"BreadcrumbList\",\"@id\":\"https:\/\/afev.cat\/es\/hacer-malabares-entre-la-universidad-y-el-voluntariado-fue-una-actividad-deportiva\/#breadcrumb\",\"itemListElement\":[{\"@type\":\"ListItem\",\"position\":1,\"name\":\"Inici\",\"item\":\"https:\/\/afev.cat\/es\/\"},{\"@type\":\"ListItem\",\"position\":2,\"name\":\"\u00a1Hacer malabares entre la universidad y el voluntariado: fue una actividad deportiva!\"}]},{\"@type\":\"WebSite\",\"@id\":\"https:\/\/afev.cat\/es\/#website\",\"url\":\"https:\/\/afev.cat\/es\/\",\"name\":\"AFEV\",\"description\":\"Voluntariat social entre joves\",\"potentialAction\":[{\"@type\":\"SearchAction\",\"target\":{\"@type\":\"EntryPoint\",\"urlTemplate\":\"https:\/\/afev.cat\/es\/?s={search_term_string}\"},\"query-input\":{\"@type\":\"PropertyValueSpecification\",\"valueRequired\":true,\"valueName\":\"search_term_string\"}}],\"inLanguage\":\"es\"},{\"@type\":\"Person\",\"@id\":\"https:\/\/afev.cat\/es\/#\/schema\/person\/2111428ce1954193a11054a1e2b5b0da\",\"name\":\"adminTandem\",\"url\":\"https:\/\/afev.cat\/es\/author\/admintandem\/\"}]}<\/script>\n<!-- \/ Yoast SEO plugin. -->","yoast_head_json":{"title":"\u00a1Hacer malabares entre la universidad y el voluntariado: fue una actividad deportiva! - AFEV","robots":{"index":"index","follow":"follow","max-snippet":"max-snippet:-1","max-image-preview":"max-image-preview:large","max-video-preview":"max-video-preview:-1"},"canonical":"https:\/\/afev.cat\/es\/hacer-malabares-entre-la-universidad-y-el-voluntariado-fue-una-actividad-deportiva\/","og_locale":"es_ES","og_type":"article","og_title":"\u00a1Hacer malabares entre la universidad y el voluntariado: fue una actividad deportiva! - AFEV","og_description":"Este escrito es una traducci\u00f3n de un art\u00edculo de Lea, 20 anys, voluntaria y becaria en Service Civique a Par\u00eds (Fran\u00e7a) publicado en el blog Zep. Decepcionada por la universidad, multipliqu\u00e9 las acciones del voluntariado. Estas experiencias me ense\u00f1aron mucho m\u00e1s que los cursos de psicolog\u00eda. Empec\u00e9 mi primer a\u00f1o de psicolog\u00eda en la Universidad &hellip;","og_url":"https:\/\/afev.cat\/es\/hacer-malabares-entre-la-universidad-y-el-voluntariado-fue-una-actividad-deportiva\/","og_site_name":"AFEV","article_publisher":"https:\/\/www.facebook.com\/afevcat","article_published_time":"2020-05-29T12:13:00+00:00","article_modified_time":"2020-09-21T14:46:53+00:00","og_image":[{"width":2560,"height":1707,"url":"https:\/\/afev.cat\/wp-content\/uploads\/2020\/07\/Lea-articulo-blog-Zep.jpg","type":"image\/jpeg"}],"author":"adminTandem","twitter_card":"summary_large_image","twitter_creator":"@afevcat","twitter_site":"@afevcat","twitter_misc":{"Escrito por":"adminTandem","Tiempo de lectura":"4 minutos"},"schema":{"@context":"https:\/\/schema.org","@graph":[{"@type":"Article","@id":"https:\/\/afev.cat\/es\/hacer-malabares-entre-la-universidad-y-el-voluntariado-fue-una-actividad-deportiva\/#article","isPartOf":{"@id":"https:\/\/afev.cat\/es\/hacer-malabares-entre-la-universidad-y-el-voluntariado-fue-una-actividad-deportiva\/"},"author":{"name":"adminTandem","@id":"https:\/\/afev.cat\/es\/#\/schema\/person\/2111428ce1954193a11054a1e2b5b0da"},"headline":"\u00a1Hacer malabares entre la universidad y el voluntariado: fue una actividad deportiva!","datePublished":"2020-05-29T12:13:00+00:00","dateModified":"2020-09-21T14:46:53+00:00","mainEntityOfPage":{"@id":"https:\/\/afev.cat\/es\/hacer-malabares-entre-la-universidad-y-el-voluntariado-fue-una-actividad-deportiva\/"},"wordCount":751,"image":{"@id":"https:\/\/afev.cat\/es\/hacer-malabares-entre-la-universidad-y-el-voluntariado-fue-una-actividad-deportiva\/#primaryimage"},"thumbnailUrl":"https:\/\/afev.cat\/wp-content\/uploads\/2020\/07\/Lea-articulo-blog-Zep.jpg","articleSection":["Testimonios"],"inLanguage":"es"},{"@type":"WebPage","@id":"https:\/\/afev.cat\/es\/hacer-malabares-entre-la-universidad-y-el-voluntariado-fue-una-actividad-deportiva\/","url":"https:\/\/afev.cat\/es\/hacer-malabares-entre-la-universidad-y-el-voluntariado-fue-una-actividad-deportiva\/","name":"\u00a1Hacer malabares entre la universidad y el voluntariado: fue una actividad deportiva! - AFEV","isPartOf":{"@id":"https:\/\/afev.cat\/es\/#website"},"primaryImageOfPage":{"@id":"https:\/\/afev.cat\/es\/hacer-malabares-entre-la-universidad-y-el-voluntariado-fue-una-actividad-deportiva\/#primaryimage"},"image":{"@id":"https:\/\/afev.cat\/es\/hacer-malabares-entre-la-universidad-y-el-voluntariado-fue-una-actividad-deportiva\/#primaryimage"},"thumbnailUrl":"https:\/\/afev.cat\/wp-content\/uploads\/2020\/07\/Lea-articulo-blog-Zep.jpg","datePublished":"2020-05-29T12:13:00+00:00","dateModified":"2020-09-21T14:46:53+00:00","author":{"@id":"https:\/\/afev.cat\/es\/#\/schema\/person\/2111428ce1954193a11054a1e2b5b0da"},"breadcrumb":{"@id":"https:\/\/afev.cat\/es\/hacer-malabares-entre-la-universidad-y-el-voluntariado-fue-una-actividad-deportiva\/#breadcrumb"},"inLanguage":"es","potentialAction":[{"@type":"ReadAction","target":["https:\/\/afev.cat\/es\/hacer-malabares-entre-la-universidad-y-el-voluntariado-fue-una-actividad-deportiva\/"]}]},{"@type":"ImageObject","inLanguage":"es","@id":"https:\/\/afev.cat\/es\/hacer-malabares-entre-la-universidad-y-el-voluntariado-fue-una-actividad-deportiva\/#primaryimage","url":"https:\/\/afev.cat\/wp-content\/uploads\/2020\/07\/Lea-articulo-blog-Zep.jpg","contentUrl":"https:\/\/afev.cat\/wp-content\/uploads\/2020\/07\/Lea-articulo-blog-Zep.jpg","width":2560,"height":1707,"caption":"blog-Zep AFEV"},{"@type":"BreadcrumbList","@id":"https:\/\/afev.cat\/es\/hacer-malabares-entre-la-universidad-y-el-voluntariado-fue-una-actividad-deportiva\/#breadcrumb","itemListElement":[{"@type":"ListItem","position":1,"name":"Inici","item":"https:\/\/afev.cat\/es\/"},{"@type":"ListItem","position":2,"name":"\u00a1Hacer malabares entre la universidad y el voluntariado: fue una actividad deportiva!"}]},{"@type":"WebSite","@id":"https:\/\/afev.cat\/es\/#website","url":"https:\/\/afev.cat\/es\/","name":"AFEV","description":"Voluntariat social entre joves","potentialAction":[{"@type":"SearchAction","target":{"@type":"EntryPoint","urlTemplate":"https:\/\/afev.cat\/es\/?s={search_term_string}"},"query-input":{"@type":"PropertyValueSpecification","valueRequired":true,"valueName":"search_term_string"}}],"inLanguage":"es"},{"@type":"Person","@id":"https:\/\/afev.cat\/es\/#\/schema\/person\/2111428ce1954193a11054a1e2b5b0da","name":"adminTandem","url":"https:\/\/afev.cat\/es\/author\/admintandem\/"}]}},"_links":{"self":[{"href":"https:\/\/afev.cat\/es\/wp-json\/wp\/v2\/posts\/7486","targetHints":{"allow":["GET"]}}],"collection":[{"href":"https:\/\/afev.cat\/es\/wp-json\/wp\/v2\/posts"}],"about":[{"href":"https:\/\/afev.cat\/es\/wp-json\/wp\/v2\/types\/post"}],"author":[{"embeddable":true,"href":"https:\/\/afev.cat\/es\/wp-json\/wp\/v2\/users\/1"}],"replies":[{"embeddable":true,"href":"https:\/\/afev.cat\/es\/wp-json\/wp\/v2\/comments?post=7486"}],"version-history":[{"count":1,"href":"https:\/\/afev.cat\/es\/wp-json\/wp\/v2\/posts\/7486\/revisions"}],"predecessor-version":[{"id":7487,"href":"https:\/\/afev.cat\/es\/wp-json\/wp\/v2\/posts\/7486\/revisions\/7487"}],"wp:featuredmedia":[{"embeddable":true,"href":"https:\/\/afev.cat\/es\/wp-json\/wp\/v2\/media\/7484"}],"wp:attachment":[{"href":"https:\/\/afev.cat\/es\/wp-json\/wp\/v2\/media?parent=7486"}],"wp:term":[{"taxonomy":"category","embeddable":true,"href":"https:\/\/afev.cat\/es\/wp-json\/wp\/v2\/categories?post=7486"},{"taxonomy":"post_tag","embeddable":true,"href":"https:\/\/afev.cat\/es\/wp-json\/wp\/v2\/tags?post=7486"}],"curies":[{"name":"wp","href":"https:\/\/api.w.org\/{rel}","templated":true}]}}