{"id":7463,"date":"2020-03-30T13:40:00","date_gmt":"2020-03-30T11:40:00","guid":{"rendered":"https:\/\/afev.cat\/?p=7463"},"modified":"2020-09-21T16:47:49","modified_gmt":"2020-09-21T14:47:49","slug":"laura-diaz-sobre-el-confinamiento-y-covid-19-es-muy-importante-que-mantingais-las-relaciones-con-vuestros-tandems","status":"publish","type":"post","link":"https:\/\/afev.cat\/es\/laura-diaz-sobre-el-confinamiento-y-covid-19-es-muy-importante-que-mantingais-las-relaciones-con-vuestros-tandems\/","title":{"rendered":"Laura D\u00edaz, sobre el confinamiento y Covid-19: \u201cEs muy importante que manting\u00e1is las relaciones con vuestros t\u00e1ndems\u201d"},"content":{"rendered":"\n<p><strong>Laura D\u00edaz<\/strong>,&nbsp;<strong>ex voluntaria<\/strong> del proyecto <strong>enT\u00e0ndem<\/strong> de la AFEV (@afevcat) y <strong>investigadora en el Hospital Cl\u00ednic de Barcelona<\/strong>, nos explica en este v\u00eddeo qu\u00e9 es el virus Covid-19, qu\u00e9 medidas de prevenci\u00f3n debemos tomar y nos anima a <strong>continuar haciendo voluntariado<\/strong>: \u00a1la relaci\u00f3n con vuestros t\u00e1ndems es primordial en estos d\u00edas de confinamiento!<\/p>\n<p>\u00a1Qu\u00e9date en casa pero no olvides tu t\u00e1ndem!&nbsp;<\/p>\n<p>#cuidemelvincle #emquedoacasaambAFEV<\/p>\n<p><iframe loading=\"lazy\" title=\"EnTandemCoronavirus_LauraD\u00edaz\" width=\"500\" height=\"281\" src=\"https:\/\/www.youtube.com\/embed\/eHo-3WgLPYA?feature=oembed\" frameborder=\"0\" allow=\"accelerometer; autoplay; clipboard-write; encrypted-media; gyroscope; picture-in-picture; web-share\" referrerpolicy=\"strict-origin-when-cross-origin\" allowfullscreen><\/iframe><\/p>\n<p>Y tambi\u00e9n nos habla, en este segundo v\u00eddeo, de <strong>medidas higi\u00e9nicas y guantes: \u00bfc\u00f3mo debemos usarlos para hacer un buen uso?<\/strong> \u00a1Aprovecha todos estos consejos y comp\u00e1rtelos con tu t\u00e1ndem!<\/p>\n<p>https:\/\/youtu.be\/YlNmSO2gOCc<\/p>\n","protected":false},"excerpt":{"rendered":"<p>Laura D\u00edaz,&nbsp;ex voluntaria del proyecto enT\u00e0ndem de la AFEV (@afevcat) y investigadora en el Hospital Cl\u00ednic de Barcelona, nos explica en este v\u00eddeo qu\u00e9 es el virus Covid-19, qu\u00e9 medidas de prevenci\u00f3n debemos tomar y nos anima a continuar haciendo voluntariado: \u00a1la relaci\u00f3n con vuestros t\u00e1ndems es primordial en estos d\u00edas de confinamiento! \u00a1Qu\u00e9date en &hellip;<\/p>\n","protected":false},"author":1,"featured_media":7460,"comment_status":"closed","ping_status":"open","sticky":false,"template":"","format":"standard","meta":{"inline_featured_image":false,"footnotes":""},"categories":[649],"tags":[],"class_list":["post-7463","post","type-post","status-publish","format-standard","has-post-thumbnail","hentry","category-recursos-es"],"yoast_head":"<!-- This site is optimized with the Yoast SEO plugin v27.0 - https:\/\/yoast.com\/product\/yoast-seo-wordpress\/ -->\n<title>Laura D\u00edaz, sobre el confinamiento y Covid-19: \u201cEs muy importante que manting\u00e1is las relaciones con vuestros t\u00e1ndems\u201d - AFEV<\/title>\n<meta name=\"robots\" content=\"index, follow, max-snippet:-1, max-image-preview:large, max-video-preview:-1\" \/>\n<link rel=\"canonical\" href=\"https:\/\/afev.cat\/es\/laura-diaz-sobre-el-confinamiento-y-covid-19-es-muy-importante-que-mantingais-las-relaciones-con-vuestros-tandems\/\" \/>\n<meta property=\"og:locale\" content=\"es_ES\" \/>\n<meta property=\"og:type\" content=\"article\" \/>\n<meta property=\"og:title\" content=\"Laura D\u00edaz, sobre el confinamiento y Covid-19: \u201cEs muy importante que manting\u00e1is las relaciones con vuestros t\u00e1ndems\u201d - AFEV\" \/>\n<meta property=\"og:description\" content=\"Laura D\u00edaz,&nbsp;ex voluntaria del proyecto enT\u00e0ndem de la AFEV (@afevcat) y investigadora en el Hospital Cl\u00ednic de Barcelona, nos explica en este v\u00eddeo qu\u00e9 es el virus Covid-19, qu\u00e9 medidas de prevenci\u00f3n debemos tomar y nos anima a continuar haciendo voluntariado: \u00a1la relaci\u00f3n con vuestros t\u00e1ndems es primordial en estos d\u00edas de confinamiento! \u00a1Qu\u00e9date en &hellip;\" \/>\n<meta property=\"og:url\" content=\"https:\/\/afev.cat\/es\/laura-diaz-sobre-el-confinamiento-y-covid-19-es-muy-importante-que-mantingais-las-relaciones-con-vuestros-tandems\/\" \/>\n<meta property=\"og:site_name\" content=\"AFEV\" \/>\n<meta property=\"article:publisher\" content=\"https:\/\/www.facebook.com\/afevcat\" \/>\n<meta property=\"article:published_time\" content=\"2020-03-30T11:40:00+00:00\" \/>\n<meta property=\"article:modified_time\" content=\"2020-09-21T14:47:49+00:00\" \/>\n<meta property=\"og:image\" content=\"https:\/\/afev.cat\/wp-content\/uploads\/2020\/07\/Laura-D\u00edaz.png\" \/>\n\t<meta property=\"og:image:width\" content=\"1920\" \/>\n\t<meta property=\"og:image:height\" content=\"1080\" \/>\n\t<meta property=\"og:image:type\" content=\"image\/png\" \/>\n<meta name=\"author\" content=\"adminTandem\" \/>\n<meta name=\"twitter:card\" content=\"summary_large_image\" \/>\n<meta name=\"twitter:creator\" content=\"@afevcat\" \/>\n<meta name=\"twitter:site\" content=\"@afevcat\" \/>\n<meta name=\"twitter:label1\" content=\"Escrito por\" \/>\n\t<meta name=\"twitter:data1\" content=\"adminTandem\" \/>\n\t<meta name=\"twitter:label2\" content=\"Tiempo de lectura\" \/>\n\t<meta name=\"twitter:data2\" content=\"1 minuto\" \/>\n<script type=\"application\/ld+json\" class=\"yoast-schema-graph\">{\"@context\":\"https:\/\/schema.org\",\"@graph\":[{\"@type\":\"Article\",\"@id\":\"https:\/\/afev.cat\/es\/laura-diaz-sobre-el-confinamiento-y-covid-19-es-muy-importante-que-mantingais-las-relaciones-con-vuestros-tandems\/#article\",\"isPartOf\":{\"@id\":\"https:\/\/afev.cat\/es\/laura-diaz-sobre-el-confinamiento-y-covid-19-es-muy-importante-que-mantingais-las-relaciones-con-vuestros-tandems\/\"},\"author\":{\"name\":\"adminTandem\",\"@id\":\"https:\/\/afev.cat\/es\/#\/schema\/person\/2111428ce1954193a11054a1e2b5b0da\"},\"headline\":\"Laura D\u00edaz, sobre el confinamiento y Covid-19: \u201cEs muy importante que manting\u00e1is las relaciones con vuestros t\u00e1ndems\u201d\",\"datePublished\":\"2020-03-30T11:40:00+00:00\",\"dateModified\":\"2020-09-21T14:47:49+00:00\",\"mainEntityOfPage\":{\"@id\":\"https:\/\/afev.cat\/es\/laura-diaz-sobre-el-confinamiento-y-covid-19-es-muy-importante-que-mantingais-las-relaciones-con-vuestros-tandems\/\"},\"wordCount\":142,\"image\":{\"@id\":\"https:\/\/afev.cat\/es\/laura-diaz-sobre-el-confinamiento-y-covid-19-es-muy-importante-que-mantingais-las-relaciones-con-vuestros-tandems\/#primaryimage\"},\"thumbnailUrl\":\"https:\/\/afev.cat\/wp-content\/uploads\/2020\/07\/Laura-D\u00edaz.png\",\"articleSection\":[\"Recursos\"],\"inLanguage\":\"es\"},{\"@type\":\"WebPage\",\"@id\":\"https:\/\/afev.cat\/es\/laura-diaz-sobre-el-confinamiento-y-covid-19-es-muy-importante-que-mantingais-las-relaciones-con-vuestros-tandems\/\",\"url\":\"https:\/\/afev.cat\/es\/laura-diaz-sobre-el-confinamiento-y-covid-19-es-muy-importante-que-mantingais-las-relaciones-con-vuestros-tandems\/\",\"name\":\"Laura D\u00edaz, sobre el confinamiento y Covid-19: \u201cEs muy importante que manting\u00e1is las relaciones con vuestros t\u00e1ndems\u201d - AFEV\",\"isPartOf\":{\"@id\":\"https:\/\/afev.cat\/es\/#website\"},\"primaryImageOfPage\":{\"@id\":\"https:\/\/afev.cat\/es\/laura-diaz-sobre-el-confinamiento-y-covid-19-es-muy-importante-que-mantingais-las-relaciones-con-vuestros-tandems\/#primaryimage\"},\"image\":{\"@id\":\"https:\/\/afev.cat\/es\/laura-diaz-sobre-el-confinamiento-y-covid-19-es-muy-importante-que-mantingais-las-relaciones-con-vuestros-tandems\/#primaryimage\"},\"thumbnailUrl\":\"https:\/\/afev.cat\/wp-content\/uploads\/2020\/07\/Laura-D\u00edaz.png\",\"datePublished\":\"2020-03-30T11:40:00+00:00\",\"dateModified\":\"2020-09-21T14:47:49+00:00\",\"author\":{\"@id\":\"https:\/\/afev.cat\/es\/#\/schema\/person\/2111428ce1954193a11054a1e2b5b0da\"},\"breadcrumb\":{\"@id\":\"https:\/\/afev.cat\/es\/laura-diaz-sobre-el-confinamiento-y-covid-19-es-muy-importante-que-mantingais-las-relaciones-con-vuestros-tandems\/#breadcrumb\"},\"inLanguage\":\"es\",\"potentialAction\":[{\"@type\":\"ReadAction\",\"target\":[\"https:\/\/afev.cat\/es\/laura-diaz-sobre-el-confinamiento-y-covid-19-es-muy-importante-que-mantingais-las-relaciones-con-vuestros-tandems\/\"]}]},{\"@type\":\"ImageObject\",\"inLanguage\":\"es\",\"@id\":\"https:\/\/afev.cat\/es\/laura-diaz-sobre-el-confinamiento-y-covid-19-es-muy-importante-que-mantingais-las-relaciones-con-vuestros-tandems\/#primaryimage\",\"url\":\"https:\/\/afev.cat\/wp-content\/uploads\/2020\/07\/Laura-D\u00edaz.png\",\"contentUrl\":\"https:\/\/afev.cat\/wp-content\/uploads\/2020\/07\/Laura-D\u00edaz.png\",\"width\":1920,\"height\":1080,\"caption\":\"Laura D\u00edaz\"},{\"@type\":\"BreadcrumbList\",\"@id\":\"https:\/\/afev.cat\/es\/laura-diaz-sobre-el-confinamiento-y-covid-19-es-muy-importante-que-mantingais-las-relaciones-con-vuestros-tandems\/#breadcrumb\",\"itemListElement\":[{\"@type\":\"ListItem\",\"position\":1,\"name\":\"Inici\",\"item\":\"https:\/\/afev.cat\/es\/\"},{\"@type\":\"ListItem\",\"position\":2,\"name\":\"Laura D\u00edaz, sobre el confinamiento y Covid-19: \u201cEs muy importante que manting\u00e1is las relaciones con vuestros t\u00e1ndems\u201d\"}]},{\"@type\":\"WebSite\",\"@id\":\"https:\/\/afev.cat\/es\/#website\",\"url\":\"https:\/\/afev.cat\/es\/\",\"name\":\"AFEV\",\"description\":\"Voluntariat social entre joves\",\"potentialAction\":[{\"@type\":\"SearchAction\",\"target\":{\"@type\":\"EntryPoint\",\"urlTemplate\":\"https:\/\/afev.cat\/es\/?s={search_term_string}\"},\"query-input\":{\"@type\":\"PropertyValueSpecification\",\"valueRequired\":true,\"valueName\":\"search_term_string\"}}],\"inLanguage\":\"es\"},{\"@type\":\"Person\",\"@id\":\"https:\/\/afev.cat\/es\/#\/schema\/person\/2111428ce1954193a11054a1e2b5b0da\",\"name\":\"adminTandem\",\"url\":\"https:\/\/afev.cat\/es\/author\/admintandem\/\"}]}<\/script>\n<!-- \/ Yoast SEO plugin. -->","yoast_head_json":{"title":"Laura D\u00edaz, sobre el confinamiento y Covid-19: \u201cEs muy importante que manting\u00e1is las relaciones con vuestros t\u00e1ndems\u201d - AFEV","robots":{"index":"index","follow":"follow","max-snippet":"max-snippet:-1","max-image-preview":"max-image-preview:large","max-video-preview":"max-video-preview:-1"},"canonical":"https:\/\/afev.cat\/es\/laura-diaz-sobre-el-confinamiento-y-covid-19-es-muy-importante-que-mantingais-las-relaciones-con-vuestros-tandems\/","og_locale":"es_ES","og_type":"article","og_title":"Laura D\u00edaz, sobre el confinamiento y Covid-19: \u201cEs muy importante que manting\u00e1is las relaciones con vuestros t\u00e1ndems\u201d - AFEV","og_description":"Laura D\u00edaz,&nbsp;ex voluntaria del proyecto enT\u00e0ndem de la AFEV (@afevcat) y investigadora en el Hospital Cl\u00ednic de Barcelona, nos explica en este v\u00eddeo qu\u00e9 es el virus Covid-19, qu\u00e9 medidas de prevenci\u00f3n debemos tomar y nos anima a continuar haciendo voluntariado: \u00a1la relaci\u00f3n con vuestros t\u00e1ndems es primordial en estos d\u00edas de confinamiento! \u00a1Qu\u00e9date en &hellip;","og_url":"https:\/\/afev.cat\/es\/laura-diaz-sobre-el-confinamiento-y-covid-19-es-muy-importante-que-mantingais-las-relaciones-con-vuestros-tandems\/","og_site_name":"AFEV","article_publisher":"https:\/\/www.facebook.com\/afevcat","article_published_time":"2020-03-30T11:40:00+00:00","article_modified_time":"2020-09-21T14:47:49+00:00","og_image":[{"width":1920,"height":1080,"url":"https:\/\/afev.cat\/wp-content\/uploads\/2020\/07\/Laura-D\u00edaz.png","type":"image\/png"}],"author":"adminTandem","twitter_card":"summary_large_image","twitter_creator":"@afevcat","twitter_site":"@afevcat","twitter_misc":{"Escrito por":"adminTandem","Tiempo de lectura":"1 minuto"},"schema":{"@context":"https:\/\/schema.org","@graph":[{"@type":"Article","@id":"https:\/\/afev.cat\/es\/laura-diaz-sobre-el-confinamiento-y-covid-19-es-muy-importante-que-mantingais-las-relaciones-con-vuestros-tandems\/#article","isPartOf":{"@id":"https:\/\/afev.cat\/es\/laura-diaz-sobre-el-confinamiento-y-covid-19-es-muy-importante-que-mantingais-las-relaciones-con-vuestros-tandems\/"},"author":{"name":"adminTandem","@id":"https:\/\/afev.cat\/es\/#\/schema\/person\/2111428ce1954193a11054a1e2b5b0da"},"headline":"Laura D\u00edaz, sobre el confinamiento y Covid-19: \u201cEs muy importante que manting\u00e1is las relaciones con vuestros t\u00e1ndems\u201d","datePublished":"2020-03-30T11:40:00+00:00","dateModified":"2020-09-21T14:47:49+00:00","mainEntityOfPage":{"@id":"https:\/\/afev.cat\/es\/laura-diaz-sobre-el-confinamiento-y-covid-19-es-muy-importante-que-mantingais-las-relaciones-con-vuestros-tandems\/"},"wordCount":142,"image":{"@id":"https:\/\/afev.cat\/es\/laura-diaz-sobre-el-confinamiento-y-covid-19-es-muy-importante-que-mantingais-las-relaciones-con-vuestros-tandems\/#primaryimage"},"thumbnailUrl":"https:\/\/afev.cat\/wp-content\/uploads\/2020\/07\/Laura-D\u00edaz.png","articleSection":["Recursos"],"inLanguage":"es"},{"@type":"WebPage","@id":"https:\/\/afev.cat\/es\/laura-diaz-sobre-el-confinamiento-y-covid-19-es-muy-importante-que-mantingais-las-relaciones-con-vuestros-tandems\/","url":"https:\/\/afev.cat\/es\/laura-diaz-sobre-el-confinamiento-y-covid-19-es-muy-importante-que-mantingais-las-relaciones-con-vuestros-tandems\/","name":"Laura D\u00edaz, sobre el confinamiento y Covid-19: \u201cEs muy importante que manting\u00e1is las relaciones con vuestros t\u00e1ndems\u201d - AFEV","isPartOf":{"@id":"https:\/\/afev.cat\/es\/#website"},"primaryImageOfPage":{"@id":"https:\/\/afev.cat\/es\/laura-diaz-sobre-el-confinamiento-y-covid-19-es-muy-importante-que-mantingais-las-relaciones-con-vuestros-tandems\/#primaryimage"},"image":{"@id":"https:\/\/afev.cat\/es\/laura-diaz-sobre-el-confinamiento-y-covid-19-es-muy-importante-que-mantingais-las-relaciones-con-vuestros-tandems\/#primaryimage"},"thumbnailUrl":"https:\/\/afev.cat\/wp-content\/uploads\/2020\/07\/Laura-D\u00edaz.png","datePublished":"2020-03-30T11:40:00+00:00","dateModified":"2020-09-21T14:47:49+00:00","author":{"@id":"https:\/\/afev.cat\/es\/#\/schema\/person\/2111428ce1954193a11054a1e2b5b0da"},"breadcrumb":{"@id":"https:\/\/afev.cat\/es\/laura-diaz-sobre-el-confinamiento-y-covid-19-es-muy-importante-que-mantingais-las-relaciones-con-vuestros-tandems\/#breadcrumb"},"inLanguage":"es","potentialAction":[{"@type":"ReadAction","target":["https:\/\/afev.cat\/es\/laura-diaz-sobre-el-confinamiento-y-covid-19-es-muy-importante-que-mantingais-las-relaciones-con-vuestros-tandems\/"]}]},{"@type":"ImageObject","inLanguage":"es","@id":"https:\/\/afev.cat\/es\/laura-diaz-sobre-el-confinamiento-y-covid-19-es-muy-importante-que-mantingais-las-relaciones-con-vuestros-tandems\/#primaryimage","url":"https:\/\/afev.cat\/wp-content\/uploads\/2020\/07\/Laura-D\u00edaz.png","contentUrl":"https:\/\/afev.cat\/wp-content\/uploads\/2020\/07\/Laura-D\u00edaz.png","width":1920,"height":1080,"caption":"Laura D\u00edaz"},{"@type":"BreadcrumbList","@id":"https:\/\/afev.cat\/es\/laura-diaz-sobre-el-confinamiento-y-covid-19-es-muy-importante-que-mantingais-las-relaciones-con-vuestros-tandems\/#breadcrumb","itemListElement":[{"@type":"ListItem","position":1,"name":"Inici","item":"https:\/\/afev.cat\/es\/"},{"@type":"ListItem","position":2,"name":"Laura D\u00edaz, sobre el confinamiento y Covid-19: \u201cEs muy importante que manting\u00e1is las relaciones con vuestros t\u00e1ndems\u201d"}]},{"@type":"WebSite","@id":"https:\/\/afev.cat\/es\/#website","url":"https:\/\/afev.cat\/es\/","name":"AFEV","description":"Voluntariat social entre joves","potentialAction":[{"@type":"SearchAction","target":{"@type":"EntryPoint","urlTemplate":"https:\/\/afev.cat\/es\/?s={search_term_string}"},"query-input":{"@type":"PropertyValueSpecification","valueRequired":true,"valueName":"search_term_string"}}],"inLanguage":"es"},{"@type":"Person","@id":"https:\/\/afev.cat\/es\/#\/schema\/person\/2111428ce1954193a11054a1e2b5b0da","name":"adminTandem","url":"https:\/\/afev.cat\/es\/author\/admintandem\/"}]}},"_links":{"self":[{"href":"https:\/\/afev.cat\/es\/wp-json\/wp\/v2\/posts\/7463","targetHints":{"allow":["GET"]}}],"collection":[{"href":"https:\/\/afev.cat\/es\/wp-json\/wp\/v2\/posts"}],"about":[{"href":"https:\/\/afev.cat\/es\/wp-json\/wp\/v2\/types\/post"}],"author":[{"embeddable":true,"href":"https:\/\/afev.cat\/es\/wp-json\/wp\/v2\/users\/1"}],"replies":[{"embeddable":true,"href":"https:\/\/afev.cat\/es\/wp-json\/wp\/v2\/comments?post=7463"}],"version-history":[{"count":1,"href":"https:\/\/afev.cat\/es\/wp-json\/wp\/v2\/posts\/7463\/revisions"}],"predecessor-version":[{"id":7464,"href":"https:\/\/afev.cat\/es\/wp-json\/wp\/v2\/posts\/7463\/revisions\/7464"}],"wp:featuredmedia":[{"embeddable":true,"href":"https:\/\/afev.cat\/es\/wp-json\/wp\/v2\/media\/7460"}],"wp:attachment":[{"href":"https:\/\/afev.cat\/es\/wp-json\/wp\/v2\/media?parent=7463"}],"wp:term":[{"taxonomy":"category","embeddable":true,"href":"https:\/\/afev.cat\/es\/wp-json\/wp\/v2\/categories?post=7463"},{"taxonomy":"post_tag","embeddable":true,"href":"https:\/\/afev.cat\/es\/wp-json\/wp\/v2\/tags?post=7463"}],"curies":[{"name":"wp","href":"https:\/\/api.w.org\/{rel}","templated":true}]}}