{"id":11302,"date":"2025-12-03T11:18:16","date_gmt":"2025-12-03T10:18:16","guid":{"rendered":"https:\/\/afev.cat\/?p=11302"},"modified":"2025-12-03T14:30:16","modified_gmt":"2025-12-03T13:30:16","slug":"un-vinculo-que-deja-huella-entrevistamos-a-mel","status":"publish","type":"post","link":"https:\/\/afev.cat\/es\/un-vinculo-que-deja-huella-entrevistamos-a-mel\/","title":{"rendered":"Un v\u00ednculo que deja huella: entrevistamos a Mel"},"content":{"rendered":"\n<p>En AFEV&nbsp;creemos en la fuerza de los v\u00ednculos positivos y en el acompa\u00f1amiento cercano que ayuda ni\u00f1os y j\u00f3venes a crecer con confianza. Esta es la historia de <strong>Mel<\/strong>, una mentorada de 10 a\u00f1os del barrio del&nbsp;Carmel&nbsp;que conoci\u00f3 el proyecto&nbsp;<strong><a href=\"https:\/\/entandem.cat\/es\/entandem-plus\/\" target=\"_blank\" rel=\"noreferrer noopener\">enT\u00e0ndem+<\/a><\/strong>&nbsp;el curso pasado, cuando se incorpor\u00f3 por primera vez. A lo largo de este primer a\u00f1o, ha compartido tardes, juegos, retos y aprendizajes con su mentora, descubriendo un espacio seguro donde expresarse y sentirse escuchada.<\/p>\n\n\n\n<p>Las relaciones de mentor\u00eda, sobre todo en la infancia, son caminos que se construyen despacio. Acompa\u00f1amos cada ni\u00f1o para que sienta que tiene alguien a su lado, que lo anima, la ayuda y celebra con \u00e9l cada paso. Sabemos que esta presencia constante es <strong>clave para que puedan crecer con m\u00e1s autoestima y autonom\u00eda<\/strong>.<\/p>\n\n\n\n<p><strong>Esta entrevista recoge la mirada de Mel<\/strong> sobre este primer a\u00f1o: lo que ha vivido, c\u00f3mo se siente, lo que ha aprendido y los momentos que m\u00e1s ha disfrutado. Una voz que nos recuerda la importancia de ofrecer espacios donde los ni\u00f1as y ni\u00f1os se sientan acompa\u00f1adas y valoradas.<\/p>\n\n\n\n<hr class=\"wp-block-separator\"\/>\n\n\n\n<p><strong>\u00bfC\u00f3mo conociste a&nbsp;AFEV?<br><\/strong>Yo estaba en el colegio y vino la psic\u00f3loga del centro. Me explic\u00f3 en qu\u00e9 consist\u00eda el proyecto&nbsp;enT\u00e0ndem&nbsp;y me pregunt\u00f3 si me interesaba. Y yo le dije que s\u00ed.<\/p>\n\n\n\n<p><strong>\u00bfCu\u00e1nto tiempo llevas?<br><\/strong>Llevo desde el inicio de este curso, empezamos en septiembre. Por ahora es mi primer a\u00f1o.<\/p>\n\n\n\n<p><strong>\u00bfRecuerdas el primer d\u00eda que conociste a tu mentora?<br><\/strong>S\u00ed. El primer d\u00eda, cuando conocimos a todas las mentoras, ella no estaba porque se hab\u00eda enfermado. Pero el d\u00eda siguiente s\u00ed que vino, nos presentamos y estuvimos hablando de lo que nos gustaba, de los deportes que hac\u00edamos\u2026 Y nos entendimos muy bien.<\/p>\n\n\n\n<p><strong>\u00bfC\u00f3mo te hace sentir tu mentora?<br><\/strong>Muy feliz. Me gusta mucho estar con ella.<\/p>\n\n\n\n<p><strong>\u00bfQu\u00e9 hac\u00e9is normalmente en las quedadas?<br><\/strong>A veces nos quedamos jugando o pintando en el Centro C\u00edvico del&nbsp;Carmel&nbsp;y, de vez en cuando salimos del barrio a merendar. Una vez tambi\u00e9n fuimos a ver un espect\u00e1culo de luces.<\/p>\n\n\n\n<p><strong>\u00bfCu\u00e1l es la actividad que te ha gustado m\u00e1s?<br><\/strong>Todas. Me encanta hacer cosas con ella.<\/p>\n\n\n\n<p><strong>\u00bfC\u00f3mo te ayuda tu mentora?<br><\/strong>En muchas cosas, sobre todo me ayuda a sentirme m\u00e1s segura, a tener m\u00e1s confianza en m\u00ed misma y a no ponerme tan nerviosa en momentos en los que estoy alterada.<\/p>\n\n\n\n<p><strong>\u00bfCrees que has cambiado desde que est\u00e1s en el proyecto&nbsp;enT\u00e0ndem?<br><\/strong>S\u00ed, sobre todo a ser m\u00e1s productiva: a no estar tanto con el m\u00f3vil o jugando con la Nintendo y as\u00ed aprovechar para hacer actividades diferentes.<\/p>\n\n\n\n<p><strong>\u00bfHas aprendido algo nuevo?<br><\/strong>He aprendido a ser m\u00e1s valiente.<\/p>\n\n\n\n<p><strong>\u00bfTienes ganas de hacer cosas nuevas con ella?<br><\/strong>S\u00ed, adem\u00e1s ahora en casa tambi\u00e9n hago actividades que hacemos aqu\u00ed juntas y antes no hac\u00eda yo sola, como dibujar o pintar.<\/p>\n\n\n\n<p><strong>\u00bfRecomendar\u00edas a otros ni\u00f1os o ni\u00f1as participar en el proyecto?<br><\/strong>S\u00ed, mucho. Por ejemplo, tengo una amiga a la que tambi\u00e9n le encantar\u00eda participar porque tambi\u00e9n le gustar\u00eda tener una mentora y adem\u00e1s le interesan mucho algunos talleres de los que hemos hecho, como los de m\u00fasica, grafiti y baile.<\/p>\n\n\n\n<p><strong>\u00bfQu\u00e9 le dir\u00edas a alguien que entra ahora en el proyecto?<br><\/strong>Que no se lo piense porque disfrutar\u00e1 mucho.<\/p>\n","protected":false},"excerpt":{"rendered":"<p>En AFEV&nbsp;creemos en la fuerza de los v\u00ednculos positivos y en el acompa\u00f1amiento cercano que ayuda ni\u00f1os y j\u00f3venes a crecer con confianza. Esta es la historia de Mel, una mentorada de 10 a\u00f1os del barrio del&nbsp;Carmel&nbsp;que conoci\u00f3 el proyecto&nbsp;enT\u00e0ndem+&nbsp;el curso pasado, cuando se incorpor\u00f3 por primera vez. A lo largo de este primer a\u00f1o, &hellip;<\/p>\n","protected":false},"author":1,"featured_media":11303,"comment_status":"closed","ping_status":"open","sticky":false,"template":"","format":"standard","meta":{"inline_featured_image":false,"footnotes":""},"categories":[650,651],"tags":[691],"class_list":["post-11302","post","type-post","status-publish","format-standard","has-post-thumbnail","hentry","category-sabias-que","category-testimonios","tag-afev-es"],"yoast_head":"<!-- This site is optimized with the Yoast SEO plugin v27.0 - https:\/\/yoast.com\/product\/yoast-seo-wordpress\/ -->\n<title>Un v\u00ednculo que deja huella: entrevistamos a Mel - AFEV<\/title>\n<meta name=\"robots\" content=\"index, follow, max-snippet:-1, max-image-preview:large, max-video-preview:-1\" \/>\n<link rel=\"canonical\" href=\"https:\/\/afev.cat\/es\/un-vinculo-que-deja-huella-entrevistamos-a-mel\/\" \/>\n<meta property=\"og:locale\" content=\"es_ES\" \/>\n<meta property=\"og:type\" content=\"article\" \/>\n<meta property=\"og:title\" content=\"Un v\u00ednculo que deja huella: entrevistamos a Mel - AFEV\" \/>\n<meta property=\"og:description\" content=\"En AFEV&nbsp;creemos en la fuerza de los v\u00ednculos positivos y en el acompa\u00f1amiento cercano que ayuda ni\u00f1os y j\u00f3venes a crecer con confianza. Esta es la historia de Mel, una mentorada de 10 a\u00f1os del barrio del&nbsp;Carmel&nbsp;que conoci\u00f3 el proyecto&nbsp;enT\u00e0ndem+&nbsp;el curso pasado, cuando se incorpor\u00f3 por primera vez. A lo largo de este primer a\u00f1o, &hellip;\" \/>\n<meta property=\"og:url\" content=\"https:\/\/afev.cat\/es\/un-vinculo-que-deja-huella-entrevistamos-a-mel\/\" \/>\n<meta property=\"og:site_name\" content=\"AFEV\" \/>\n<meta property=\"article:publisher\" content=\"https:\/\/www.facebook.com\/afevcat\" \/>\n<meta property=\"article:published_time\" content=\"2025-12-03T10:18:16+00:00\" \/>\n<meta property=\"article:modified_time\" content=\"2025-12-03T13:30:16+00:00\" \/>\n<meta property=\"og:image\" content=\"https:\/\/afev.cat\/wp-content\/uploads\/2025\/12\/agenda-cultural-i-blog-2.png\" \/>\n\t<meta property=\"og:image:width\" content=\"2048\" \/>\n\t<meta property=\"og:image:height\" content=\"1365\" \/>\n\t<meta property=\"og:image:type\" content=\"image\/png\" \/>\n<meta name=\"author\" content=\"adminTandem\" \/>\n<meta name=\"twitter:card\" content=\"summary_large_image\" \/>\n<meta name=\"twitter:creator\" content=\"@afevcat\" \/>\n<meta name=\"twitter:site\" content=\"@afevcat\" \/>\n<meta name=\"twitter:label1\" content=\"Escrito por\" \/>\n\t<meta name=\"twitter:data1\" content=\"adminTandem\" \/>\n\t<meta name=\"twitter:label2\" content=\"Tiempo de lectura\" \/>\n\t<meta name=\"twitter:data2\" content=\"3 minutos\" \/>\n<script type=\"application\/ld+json\" class=\"yoast-schema-graph\">{\"@context\":\"https:\/\/schema.org\",\"@graph\":[{\"@type\":\"Article\",\"@id\":\"https:\/\/afev.cat\/es\/un-vinculo-que-deja-huella-entrevistamos-a-mel\/#article\",\"isPartOf\":{\"@id\":\"https:\/\/afev.cat\/es\/un-vinculo-que-deja-huella-entrevistamos-a-mel\/\"},\"author\":{\"name\":\"adminTandem\",\"@id\":\"https:\/\/afev.cat\/es\/#\/schema\/person\/2111428ce1954193a11054a1e2b5b0da\"},\"headline\":\"Un v\u00ednculo que deja huella: entrevistamos a Mel\",\"datePublished\":\"2025-12-03T10:18:16+00:00\",\"dateModified\":\"2025-12-03T13:30:16+00:00\",\"mainEntityOfPage\":{\"@id\":\"https:\/\/afev.cat\/es\/un-vinculo-que-deja-huella-entrevistamos-a-mel\/\"},\"wordCount\":616,\"image\":{\"@id\":\"https:\/\/afev.cat\/es\/un-vinculo-que-deja-huella-entrevistamos-a-mel\/#primaryimage\"},\"thumbnailUrl\":\"https:\/\/afev.cat\/wp-content\/uploads\/2025\/12\/agenda-cultural-i-blog-2.png\",\"keywords\":[\"afev\"],\"articleSection\":[\"Sab\u00edas que\",\"Testimonios\"],\"inLanguage\":\"es\"},{\"@type\":\"WebPage\",\"@id\":\"https:\/\/afev.cat\/es\/un-vinculo-que-deja-huella-entrevistamos-a-mel\/\",\"url\":\"https:\/\/afev.cat\/es\/un-vinculo-que-deja-huella-entrevistamos-a-mel\/\",\"name\":\"Un v\u00ednculo que deja huella: entrevistamos a Mel - AFEV\",\"isPartOf\":{\"@id\":\"https:\/\/afev.cat\/es\/#website\"},\"primaryImageOfPage\":{\"@id\":\"https:\/\/afev.cat\/es\/un-vinculo-que-deja-huella-entrevistamos-a-mel\/#primaryimage\"},\"image\":{\"@id\":\"https:\/\/afev.cat\/es\/un-vinculo-que-deja-huella-entrevistamos-a-mel\/#primaryimage\"},\"thumbnailUrl\":\"https:\/\/afev.cat\/wp-content\/uploads\/2025\/12\/agenda-cultural-i-blog-2.png\",\"datePublished\":\"2025-12-03T10:18:16+00:00\",\"dateModified\":\"2025-12-03T13:30:16+00:00\",\"author\":{\"@id\":\"https:\/\/afev.cat\/es\/#\/schema\/person\/2111428ce1954193a11054a1e2b5b0da\"},\"breadcrumb\":{\"@id\":\"https:\/\/afev.cat\/es\/un-vinculo-que-deja-huella-entrevistamos-a-mel\/#breadcrumb\"},\"inLanguage\":\"es\",\"potentialAction\":[{\"@type\":\"ReadAction\",\"target\":[\"https:\/\/afev.cat\/es\/un-vinculo-que-deja-huella-entrevistamos-a-mel\/\"]}]},{\"@type\":\"ImageObject\",\"inLanguage\":\"es\",\"@id\":\"https:\/\/afev.cat\/es\/un-vinculo-que-deja-huella-entrevistamos-a-mel\/#primaryimage\",\"url\":\"https:\/\/afev.cat\/wp-content\/uploads\/2025\/12\/agenda-cultural-i-blog-2.png\",\"contentUrl\":\"https:\/\/afev.cat\/wp-content\/uploads\/2025\/12\/agenda-cultural-i-blog-2.png\",\"width\":2048,\"height\":1365},{\"@type\":\"BreadcrumbList\",\"@id\":\"https:\/\/afev.cat\/es\/un-vinculo-que-deja-huella-entrevistamos-a-mel\/#breadcrumb\",\"itemListElement\":[{\"@type\":\"ListItem\",\"position\":1,\"name\":\"Inici\",\"item\":\"https:\/\/afev.cat\/es\/\"},{\"@type\":\"ListItem\",\"position\":2,\"name\":\"Un v\u00ednculo que deja huella: entrevistamos a Mel\"}]},{\"@type\":\"WebSite\",\"@id\":\"https:\/\/afev.cat\/es\/#website\",\"url\":\"https:\/\/afev.cat\/es\/\",\"name\":\"AFEV\",\"description\":\"Voluntariat social entre joves\",\"potentialAction\":[{\"@type\":\"SearchAction\",\"target\":{\"@type\":\"EntryPoint\",\"urlTemplate\":\"https:\/\/afev.cat\/es\/?s={search_term_string}\"},\"query-input\":{\"@type\":\"PropertyValueSpecification\",\"valueRequired\":true,\"valueName\":\"search_term_string\"}}],\"inLanguage\":\"es\"},{\"@type\":\"Person\",\"@id\":\"https:\/\/afev.cat\/es\/#\/schema\/person\/2111428ce1954193a11054a1e2b5b0da\",\"name\":\"adminTandem\",\"url\":\"https:\/\/afev.cat\/es\/author\/admintandem\/\"}]}<\/script>\n<!-- \/ Yoast SEO plugin. -->","yoast_head_json":{"title":"Un v\u00ednculo que deja huella: entrevistamos a Mel - AFEV","robots":{"index":"index","follow":"follow","max-snippet":"max-snippet:-1","max-image-preview":"max-image-preview:large","max-video-preview":"max-video-preview:-1"},"canonical":"https:\/\/afev.cat\/es\/un-vinculo-que-deja-huella-entrevistamos-a-mel\/","og_locale":"es_ES","og_type":"article","og_title":"Un v\u00ednculo que deja huella: entrevistamos a Mel - AFEV","og_description":"En AFEV&nbsp;creemos en la fuerza de los v\u00ednculos positivos y en el acompa\u00f1amiento cercano que ayuda ni\u00f1os y j\u00f3venes a crecer con confianza. Esta es la historia de Mel, una mentorada de 10 a\u00f1os del barrio del&nbsp;Carmel&nbsp;que conoci\u00f3 el proyecto&nbsp;enT\u00e0ndem+&nbsp;el curso pasado, cuando se incorpor\u00f3 por primera vez. A lo largo de este primer a\u00f1o, &hellip;","og_url":"https:\/\/afev.cat\/es\/un-vinculo-que-deja-huella-entrevistamos-a-mel\/","og_site_name":"AFEV","article_publisher":"https:\/\/www.facebook.com\/afevcat","article_published_time":"2025-12-03T10:18:16+00:00","article_modified_time":"2025-12-03T13:30:16+00:00","og_image":[{"width":2048,"height":1365,"url":"https:\/\/afev.cat\/wp-content\/uploads\/2025\/12\/agenda-cultural-i-blog-2.png","type":"image\/png"}],"author":"adminTandem","twitter_card":"summary_large_image","twitter_creator":"@afevcat","twitter_site":"@afevcat","twitter_misc":{"Escrito por":"adminTandem","Tiempo de lectura":"3 minutos"},"schema":{"@context":"https:\/\/schema.org","@graph":[{"@type":"Article","@id":"https:\/\/afev.cat\/es\/un-vinculo-que-deja-huella-entrevistamos-a-mel\/#article","isPartOf":{"@id":"https:\/\/afev.cat\/es\/un-vinculo-que-deja-huella-entrevistamos-a-mel\/"},"author":{"name":"adminTandem","@id":"https:\/\/afev.cat\/es\/#\/schema\/person\/2111428ce1954193a11054a1e2b5b0da"},"headline":"Un v\u00ednculo que deja huella: entrevistamos a Mel","datePublished":"2025-12-03T10:18:16+00:00","dateModified":"2025-12-03T13:30:16+00:00","mainEntityOfPage":{"@id":"https:\/\/afev.cat\/es\/un-vinculo-que-deja-huella-entrevistamos-a-mel\/"},"wordCount":616,"image":{"@id":"https:\/\/afev.cat\/es\/un-vinculo-que-deja-huella-entrevistamos-a-mel\/#primaryimage"},"thumbnailUrl":"https:\/\/afev.cat\/wp-content\/uploads\/2025\/12\/agenda-cultural-i-blog-2.png","keywords":["afev"],"articleSection":["Sab\u00edas que","Testimonios"],"inLanguage":"es"},{"@type":"WebPage","@id":"https:\/\/afev.cat\/es\/un-vinculo-que-deja-huella-entrevistamos-a-mel\/","url":"https:\/\/afev.cat\/es\/un-vinculo-que-deja-huella-entrevistamos-a-mel\/","name":"Un v\u00ednculo que deja huella: entrevistamos a Mel - AFEV","isPartOf":{"@id":"https:\/\/afev.cat\/es\/#website"},"primaryImageOfPage":{"@id":"https:\/\/afev.cat\/es\/un-vinculo-que-deja-huella-entrevistamos-a-mel\/#primaryimage"},"image":{"@id":"https:\/\/afev.cat\/es\/un-vinculo-que-deja-huella-entrevistamos-a-mel\/#primaryimage"},"thumbnailUrl":"https:\/\/afev.cat\/wp-content\/uploads\/2025\/12\/agenda-cultural-i-blog-2.png","datePublished":"2025-12-03T10:18:16+00:00","dateModified":"2025-12-03T13:30:16+00:00","author":{"@id":"https:\/\/afev.cat\/es\/#\/schema\/person\/2111428ce1954193a11054a1e2b5b0da"},"breadcrumb":{"@id":"https:\/\/afev.cat\/es\/un-vinculo-que-deja-huella-entrevistamos-a-mel\/#breadcrumb"},"inLanguage":"es","potentialAction":[{"@type":"ReadAction","target":["https:\/\/afev.cat\/es\/un-vinculo-que-deja-huella-entrevistamos-a-mel\/"]}]},{"@type":"ImageObject","inLanguage":"es","@id":"https:\/\/afev.cat\/es\/un-vinculo-que-deja-huella-entrevistamos-a-mel\/#primaryimage","url":"https:\/\/afev.cat\/wp-content\/uploads\/2025\/12\/agenda-cultural-i-blog-2.png","contentUrl":"https:\/\/afev.cat\/wp-content\/uploads\/2025\/12\/agenda-cultural-i-blog-2.png","width":2048,"height":1365},{"@type":"BreadcrumbList","@id":"https:\/\/afev.cat\/es\/un-vinculo-que-deja-huella-entrevistamos-a-mel\/#breadcrumb","itemListElement":[{"@type":"ListItem","position":1,"name":"Inici","item":"https:\/\/afev.cat\/es\/"},{"@type":"ListItem","position":2,"name":"Un v\u00ednculo que deja huella: entrevistamos a Mel"}]},{"@type":"WebSite","@id":"https:\/\/afev.cat\/es\/#website","url":"https:\/\/afev.cat\/es\/","name":"AFEV","description":"Voluntariat social entre joves","potentialAction":[{"@type":"SearchAction","target":{"@type":"EntryPoint","urlTemplate":"https:\/\/afev.cat\/es\/?s={search_term_string}"},"query-input":{"@type":"PropertyValueSpecification","valueRequired":true,"valueName":"search_term_string"}}],"inLanguage":"es"},{"@type":"Person","@id":"https:\/\/afev.cat\/es\/#\/schema\/person\/2111428ce1954193a11054a1e2b5b0da","name":"adminTandem","url":"https:\/\/afev.cat\/es\/author\/admintandem\/"}]}},"_links":{"self":[{"href":"https:\/\/afev.cat\/es\/wp-json\/wp\/v2\/posts\/11302","targetHints":{"allow":["GET"]}}],"collection":[{"href":"https:\/\/afev.cat\/es\/wp-json\/wp\/v2\/posts"}],"about":[{"href":"https:\/\/afev.cat\/es\/wp-json\/wp\/v2\/types\/post"}],"author":[{"embeddable":true,"href":"https:\/\/afev.cat\/es\/wp-json\/wp\/v2\/users\/1"}],"replies":[{"embeddable":true,"href":"https:\/\/afev.cat\/es\/wp-json\/wp\/v2\/comments?post=11302"}],"version-history":[{"count":2,"href":"https:\/\/afev.cat\/es\/wp-json\/wp\/v2\/posts\/11302\/revisions"}],"predecessor-version":[{"id":11307,"href":"https:\/\/afev.cat\/es\/wp-json\/wp\/v2\/posts\/11302\/revisions\/11307"}],"wp:featuredmedia":[{"embeddable":true,"href":"https:\/\/afev.cat\/es\/wp-json\/wp\/v2\/media\/11303"}],"wp:attachment":[{"href":"https:\/\/afev.cat\/es\/wp-json\/wp\/v2\/media?parent=11302"}],"wp:term":[{"taxonomy":"category","embeddable":true,"href":"https:\/\/afev.cat\/es\/wp-json\/wp\/v2\/categories?post=11302"},{"taxonomy":"post_tag","embeddable":true,"href":"https:\/\/afev.cat\/es\/wp-json\/wp\/v2\/tags?post=11302"}],"curies":[{"name":"wp","href":"https:\/\/api.w.org\/{rel}","templated":true}]}}