{"id":10419,"date":"2023-07-17T10:31:53","date_gmt":"2023-07-17T08:31:53","guid":{"rendered":"https:\/\/afev.cat\/comunicat-suspensio-afev-valencia\/"},"modified":"2023-07-17T10:33:03","modified_gmt":"2023-07-17T08:33:03","slug":"comunicat-suspensio-afev-valencia","status":"publish","type":"post","link":"https:\/\/afev.cat\/es\/comunicat-suspensio-afev-valencia\/","title":{"rendered":"[COMUNICAT] L&#8217;AFEV Val\u00e8ncia es veu for\u00e7ada a suspendre la seua activitat"},"content":{"rendered":"\n<h2 class=\"wp-block-heading\">L\u2019AFEV Val\u00e8ncia suspen de manera indefinida l\u2019activitat dels projectes enT\u00e0ndem i KAPS a causa de la manca de suport financer.&nbsp;<\/h2>\n\n\n\n<p>El Projecte <strong>enT\u00e0ndem <\/strong>de l\u2019AFEV aterrava a Val\u00e8ncia el <strong>2018 <\/strong>en col\u00b7laboraci\u00f3 amb diverses entitats i institucions p\u00fabliques que, com nosaltres, s\u2019ilusionaven amb aquest nou projecte a la ciutat. Una iniciativa innovadora basada en la metodologia de la mentoria social i educativa com ferramenta d\u2019intervenci\u00f3 social.<\/p>\n\n\n\n<p>Hem conformat casi <strong>200 t\u00e0ndems<\/strong> o parelles de mentoria social durant 5 cursos escolars als barris <strong>d\u2019Orriols, Benimaclet, La Sa\u00efdia i el Cabanyal<\/strong> per lluitar des d\u2019ac\u00ed contra les desigualtats socials i educatives d\u2019aquells infants i adolescents que no tenen les mateixes oportunitats.<\/p>\n\n\n\n<p>En aquests 5 anys hem comptat amb m\u00e9s de 200 persones volunt\u00e0ries amb un total de casi 14.000 hores dedicades a l\u2019acci\u00f3 social. Aquests joves han estat mentores i mentors d\u2019un infant o adolescent una vesprada a la setmana i han esdevingut un suport significatiu i un referent positiu per facilitar els objectius educatius de cada infant i adolescent.<\/p>\n\n\n\n<p>La mentoria en tant que \u201cvestit fet a mida\u201d ha funcionat i ha perm\u00e9s crear una xarxa comunit\u00e0ria als diferents barris on els Centres de Joventut, els Serveis Socials, les institucions educatives i les joves treballavem per uns mateixos objectius. Fins i tot durant la pand\u00e8mia del covid, la mentoria no va parar, ans al contrari i va suposar una finestra d\u2019alleugerament per a molts joves tancats a les seues cases.<\/p>\n\n\n\n<p>Les dades i els sistemes de qualitat i avaluaci\u00f3 de la Mentoria avalen que el projecte enT\u00e0ndem t\u00e9 un <strong>impacte social positiu <\/strong>en infants, adolescents, joves, fam\u00edlies i la comunitat que les envolta.<\/p>\n\n\n\n<p>En l\u2019\u00faltim any, a m\u00e9s, vam encetar el <strong>Projecte KAPS<\/strong> (Kompartir pis Amb Projectes Solidaris) al barri de la Sa\u00efdia, on tres estudiants han accedit a un habitatge a preu assequible sota el preu de mercat. Tamb\u00e9 han participat en accions comunit\u00e0ries al mateix barri on ara vivien. Per una banda fent mentoria social i per una altra han desenvolupat 8 tallers sobre l&#8217;\u00das del m\u00f2bil per a persones majors del Centre de Majors de Marxalenes. Durant aquests 8 mesos de funcionament del projecte tant les persones usu\u00e0ries, els estudiants com el propietari del pis han valorat molt positivament l\u2019impacte social del projecte.<\/p>\n\n\n\n<p>Tot i aix\u00f2, per raons econ\u00f2miques objectives, suspenem l\u2019activitat de l\u2019AFEV Val\u00e8ncia a partir del curs vinent. Ens trobem amb <strong>les institucions i el seu marc burocr\u00e0tic de normatives<\/strong> (algunes absurdes) que compliquen i dificulten l\u2019activitat de les associacions sense \u00e0nim de lucre fins a nivells de no poder accedir a finan\u00e7ament malgrat que des de les mateixes institucions se\u2019ns demana m\u00e9s expansi\u00f3 territorial, major volum del projecte i implicaci\u00f3 als barris. A m\u00e9s a m\u00e9s, amb el <strong>preocupant context institucional despr\u00e9s de les \u00faltimes eleccions<\/strong> i la perspectiva de retroc\u00e9s en les pol\u00edtiques d\u2019\u00e0mbit social i educatives, no tenim cap esperan\u00e7a perqu\u00e8 la situaci\u00f3 millore.<\/p>\n\n\n\n<p>Volem dir que hem intentat revertir aquesta situaci\u00f3 fins l&#8217;\u00faltim dia i hem intentat parlar amb totes les persones i institucions implicades per no haver de prendre aquesta decisi\u00f3. Despr\u00e9s de diverses reunions amb regidores i t\u00e8cniques, finalment no hem pogut obtenir cap suport que ens donara l&#8217;oportunitat de continuar desenvolupant els nostres projectes a Val\u00e8ncia amb autonomia econ\u00f2mica.<\/p>\n\n\n\n<p>Suspenem l\u2019activitat, amb el cor trencat de tots els infants i adolescents, i les seues fam\u00edlies, que deixem en l\u2019estocada i que tornen a ser <strong>v\u00edctimes d\u2019aquest sistema neoliberal<\/strong>. Les <strong>entitats socials tenim un paper essencial<\/strong> en la resposta comunit\u00e0ria a les mancances que l&#8217;estat del benestar no cobreix.<\/p>\n\n\n\n<p>Tanmateix, no volem marxar sense <strong>agrair sincerament<\/strong> a les institucions, entitats, professionals, voluntariat, fam\u00edlies i infants i adolescents que ens heu acollit i valorat, que heu confiant en nosaltres i amb qui hem crescut i apr\u00e9s colze a colze per tirar endavant els projectes. Moltes gr\u00e0cies de tot cor, per tot el suport que ens heu donat.<\/p>\n\n\n\n<p>Davant el ferotge context social, <strong>reivindiquem unes entitats socials fortes i unes institucions compromeses amb el seu territori i la ciutadania.<\/strong><\/p>\n\n\n\n<p><strong>Moltes gr\u00e0cies<\/strong>, i (esperem que) fins aviat!<\/p>\n","protected":false},"excerpt":{"rendered":"<p>L\u2019AFEV Val\u00e8ncia suspen de manera indefinida l\u2019activitat dels projectes enT\u00e0ndem i KAPS a causa de la manca de suport financer.&nbsp; El Projecte enT\u00e0ndem de l\u2019AFEV aterrava a Val\u00e8ncia el 2018 en col\u00b7laboraci\u00f3 amb diverses entitats i institucions p\u00fabliques que, com nosaltres, s\u2019ilusionaven amb aquest nou projecte a la ciutat. Una iniciativa innovadora basada en la &hellip;<\/p>\n","protected":false},"author":1,"featured_media":10417,"comment_status":"closed","ping_status":"open","sticky":false,"template":"","format":"standard","meta":{"inline_featured_image":false,"footnotes":""},"categories":[650],"tags":[],"class_list":["post-10419","post","type-post","status-publish","format-standard","has-post-thumbnail","hentry","category-sabias-que"],"yoast_head":"<!-- This site is optimized with the Yoast SEO plugin v27.0 - https:\/\/yoast.com\/product\/yoast-seo-wordpress\/ -->\n<title>[COMUNICAT] L&#039;AFEV Val\u00e8ncia es veu for\u00e7ada a suspendre la seua activitat - AFEV<\/title>\n<meta name=\"description\" content=\"L\u2019AFEV Val\u00e8ncia suspen de manera indefinida l\u2019activitat dels projectes enT\u00e0ndem i KAPS a causa de la manca de suport financer.\u00a0\" \/>\n<meta name=\"robots\" content=\"index, follow, max-snippet:-1, max-image-preview:large, max-video-preview:-1\" \/>\n<link rel=\"canonical\" href=\"https:\/\/afev.cat\/es\/comunicat-suspensio-afev-valencia\/\" \/>\n<meta property=\"og:locale\" content=\"es_ES\" \/>\n<meta property=\"og:type\" content=\"article\" \/>\n<meta property=\"og:title\" content=\"[COMUNICAT] L&#039;AFEV Val\u00e8ncia es veu for\u00e7ada a suspendre la seua activitat - AFEV\" \/>\n<meta property=\"og:description\" content=\"L\u2019AFEV Val\u00e8ncia suspen de manera indefinida l\u2019activitat dels projectes enT\u00e0ndem i KAPS a causa de la manca de suport financer.\u00a0\" \/>\n<meta property=\"og:url\" content=\"https:\/\/afev.cat\/es\/comunicat-suspensio-afev-valencia\/\" \/>\n<meta property=\"og:site_name\" content=\"AFEV\" \/>\n<meta property=\"article:publisher\" content=\"https:\/\/www.facebook.com\/afevcat\" \/>\n<meta property=\"article:published_time\" content=\"2023-07-17T08:31:53+00:00\" \/>\n<meta property=\"article:modified_time\" content=\"2023-07-17T08:33:03+00:00\" \/>\n<meta property=\"og:image\" content=\"https:\/\/afev.cat\/wp-content\/uploads\/2023\/07\/IMG-20230615-WA0026.jpg\" \/>\n\t<meta property=\"og:image:width\" content=\"1080\" \/>\n\t<meta property=\"og:image:height\" content=\"835\" \/>\n\t<meta property=\"og:image:type\" content=\"image\/jpeg\" \/>\n<meta name=\"author\" content=\"adminTandem\" \/>\n<meta name=\"twitter:card\" content=\"summary_large_image\" \/>\n<meta name=\"twitter:creator\" content=\"@afevcat\" \/>\n<meta name=\"twitter:site\" content=\"@afevcat\" \/>\n<meta name=\"twitter:label1\" content=\"Escrito por\" \/>\n\t<meta name=\"twitter:data1\" content=\"adminTandem\" \/>\n\t<meta name=\"twitter:label2\" content=\"Tiempo de lectura\" \/>\n\t<meta name=\"twitter:data2\" content=\"3 minutos\" \/>\n<script type=\"application\/ld+json\" class=\"yoast-schema-graph\">{\"@context\":\"https:\/\/schema.org\",\"@graph\":[{\"@type\":\"Article\",\"@id\":\"https:\/\/afev.cat\/es\/comunicat-suspensio-afev-valencia\/#article\",\"isPartOf\":{\"@id\":\"https:\/\/afev.cat\/es\/comunicat-suspensio-afev-valencia\/\"},\"author\":{\"name\":\"adminTandem\",\"@id\":\"https:\/\/afev.cat\/es\/#\/schema\/person\/2111428ce1954193a11054a1e2b5b0da\"},\"headline\":\"[COMUNICAT] L&#8217;AFEV Val\u00e8ncia es veu for\u00e7ada a suspendre la seua activitat\",\"datePublished\":\"2023-07-17T08:31:53+00:00\",\"dateModified\":\"2023-07-17T08:33:03+00:00\",\"mainEntityOfPage\":{\"@id\":\"https:\/\/afev.cat\/es\/comunicat-suspensio-afev-valencia\/\"},\"wordCount\":748,\"image\":{\"@id\":\"https:\/\/afev.cat\/es\/comunicat-suspensio-afev-valencia\/#primaryimage\"},\"thumbnailUrl\":\"https:\/\/afev.cat\/wp-content\/uploads\/2023\/07\/IMG-20230615-WA0026.jpg\",\"articleSection\":[\"Sab\u00edas que\"],\"inLanguage\":\"es\"},{\"@type\":\"WebPage\",\"@id\":\"https:\/\/afev.cat\/es\/comunicat-suspensio-afev-valencia\/\",\"url\":\"https:\/\/afev.cat\/es\/comunicat-suspensio-afev-valencia\/\",\"name\":\"[COMUNICAT] L'AFEV Val\u00e8ncia es veu for\u00e7ada a suspendre la seua activitat - AFEV\",\"isPartOf\":{\"@id\":\"https:\/\/afev.cat\/es\/#website\"},\"primaryImageOfPage\":{\"@id\":\"https:\/\/afev.cat\/es\/comunicat-suspensio-afev-valencia\/#primaryimage\"},\"image\":{\"@id\":\"https:\/\/afev.cat\/es\/comunicat-suspensio-afev-valencia\/#primaryimage\"},\"thumbnailUrl\":\"https:\/\/afev.cat\/wp-content\/uploads\/2023\/07\/IMG-20230615-WA0026.jpg\",\"datePublished\":\"2023-07-17T08:31:53+00:00\",\"dateModified\":\"2023-07-17T08:33:03+00:00\",\"author\":{\"@id\":\"https:\/\/afev.cat\/es\/#\/schema\/person\/2111428ce1954193a11054a1e2b5b0da\"},\"description\":\"L\u2019AFEV Val\u00e8ncia suspen de manera indefinida l\u2019activitat dels projectes enT\u00e0ndem i KAPS a causa de la manca de suport financer.\u00a0\",\"breadcrumb\":{\"@id\":\"https:\/\/afev.cat\/es\/comunicat-suspensio-afev-valencia\/#breadcrumb\"},\"inLanguage\":\"es\",\"potentialAction\":[{\"@type\":\"ReadAction\",\"target\":[\"https:\/\/afev.cat\/es\/comunicat-suspensio-afev-valencia\/\"]}]},{\"@type\":\"ImageObject\",\"inLanguage\":\"es\",\"@id\":\"https:\/\/afev.cat\/es\/comunicat-suspensio-afev-valencia\/#primaryimage\",\"url\":\"https:\/\/afev.cat\/wp-content\/uploads\/2023\/07\/IMG-20230615-WA0026.jpg\",\"contentUrl\":\"https:\/\/afev.cat\/wp-content\/uploads\/2023\/07\/IMG-20230615-WA0026.jpg\",\"width\":1080,\"height\":835},{\"@type\":\"BreadcrumbList\",\"@id\":\"https:\/\/afev.cat\/es\/comunicat-suspensio-afev-valencia\/#breadcrumb\",\"itemListElement\":[{\"@type\":\"ListItem\",\"position\":1,\"name\":\"Inici\",\"item\":\"https:\/\/afev.cat\/es\/\"},{\"@type\":\"ListItem\",\"position\":2,\"name\":\"[COMUNICAT] L&#8217;AFEV Val\u00e8ncia es veu for\u00e7ada a suspendre la seua activitat\"}]},{\"@type\":\"WebSite\",\"@id\":\"https:\/\/afev.cat\/es\/#website\",\"url\":\"https:\/\/afev.cat\/es\/\",\"name\":\"AFEV\",\"description\":\"Voluntariat social entre joves\",\"potentialAction\":[{\"@type\":\"SearchAction\",\"target\":{\"@type\":\"EntryPoint\",\"urlTemplate\":\"https:\/\/afev.cat\/es\/?s={search_term_string}\"},\"query-input\":{\"@type\":\"PropertyValueSpecification\",\"valueRequired\":true,\"valueName\":\"search_term_string\"}}],\"inLanguage\":\"es\"},{\"@type\":\"Person\",\"@id\":\"https:\/\/afev.cat\/es\/#\/schema\/person\/2111428ce1954193a11054a1e2b5b0da\",\"name\":\"adminTandem\",\"url\":\"https:\/\/afev.cat\/es\/author\/admintandem\/\"}]}<\/script>\n<!-- \/ Yoast SEO plugin. -->","yoast_head_json":{"title":"[COMUNICAT] L'AFEV Val\u00e8ncia es veu for\u00e7ada a suspendre la seua activitat - AFEV","description":"L\u2019AFEV Val\u00e8ncia suspen de manera indefinida l\u2019activitat dels projectes enT\u00e0ndem i KAPS a causa de la manca de suport financer.\u00a0","robots":{"index":"index","follow":"follow","max-snippet":"max-snippet:-1","max-image-preview":"max-image-preview:large","max-video-preview":"max-video-preview:-1"},"canonical":"https:\/\/afev.cat\/es\/comunicat-suspensio-afev-valencia\/","og_locale":"es_ES","og_type":"article","og_title":"[COMUNICAT] L'AFEV Val\u00e8ncia es veu for\u00e7ada a suspendre la seua activitat - AFEV","og_description":"L\u2019AFEV Val\u00e8ncia suspen de manera indefinida l\u2019activitat dels projectes enT\u00e0ndem i KAPS a causa de la manca de suport financer.\u00a0","og_url":"https:\/\/afev.cat\/es\/comunicat-suspensio-afev-valencia\/","og_site_name":"AFEV","article_publisher":"https:\/\/www.facebook.com\/afevcat","article_published_time":"2023-07-17T08:31:53+00:00","article_modified_time":"2023-07-17T08:33:03+00:00","og_image":[{"width":1080,"height":835,"url":"https:\/\/afev.cat\/wp-content\/uploads\/2023\/07\/IMG-20230615-WA0026.jpg","type":"image\/jpeg"}],"author":"adminTandem","twitter_card":"summary_large_image","twitter_creator":"@afevcat","twitter_site":"@afevcat","twitter_misc":{"Escrito por":"adminTandem","Tiempo de lectura":"3 minutos"},"schema":{"@context":"https:\/\/schema.org","@graph":[{"@type":"Article","@id":"https:\/\/afev.cat\/es\/comunicat-suspensio-afev-valencia\/#article","isPartOf":{"@id":"https:\/\/afev.cat\/es\/comunicat-suspensio-afev-valencia\/"},"author":{"name":"adminTandem","@id":"https:\/\/afev.cat\/es\/#\/schema\/person\/2111428ce1954193a11054a1e2b5b0da"},"headline":"[COMUNICAT] L&#8217;AFEV Val\u00e8ncia es veu for\u00e7ada a suspendre la seua activitat","datePublished":"2023-07-17T08:31:53+00:00","dateModified":"2023-07-17T08:33:03+00:00","mainEntityOfPage":{"@id":"https:\/\/afev.cat\/es\/comunicat-suspensio-afev-valencia\/"},"wordCount":748,"image":{"@id":"https:\/\/afev.cat\/es\/comunicat-suspensio-afev-valencia\/#primaryimage"},"thumbnailUrl":"https:\/\/afev.cat\/wp-content\/uploads\/2023\/07\/IMG-20230615-WA0026.jpg","articleSection":["Sab\u00edas que"],"inLanguage":"es"},{"@type":"WebPage","@id":"https:\/\/afev.cat\/es\/comunicat-suspensio-afev-valencia\/","url":"https:\/\/afev.cat\/es\/comunicat-suspensio-afev-valencia\/","name":"[COMUNICAT] L'AFEV Val\u00e8ncia es veu for\u00e7ada a suspendre la seua activitat - AFEV","isPartOf":{"@id":"https:\/\/afev.cat\/es\/#website"},"primaryImageOfPage":{"@id":"https:\/\/afev.cat\/es\/comunicat-suspensio-afev-valencia\/#primaryimage"},"image":{"@id":"https:\/\/afev.cat\/es\/comunicat-suspensio-afev-valencia\/#primaryimage"},"thumbnailUrl":"https:\/\/afev.cat\/wp-content\/uploads\/2023\/07\/IMG-20230615-WA0026.jpg","datePublished":"2023-07-17T08:31:53+00:00","dateModified":"2023-07-17T08:33:03+00:00","author":{"@id":"https:\/\/afev.cat\/es\/#\/schema\/person\/2111428ce1954193a11054a1e2b5b0da"},"description":"L\u2019AFEV Val\u00e8ncia suspen de manera indefinida l\u2019activitat dels projectes enT\u00e0ndem i KAPS a causa de la manca de suport financer.\u00a0","breadcrumb":{"@id":"https:\/\/afev.cat\/es\/comunicat-suspensio-afev-valencia\/#breadcrumb"},"inLanguage":"es","potentialAction":[{"@type":"ReadAction","target":["https:\/\/afev.cat\/es\/comunicat-suspensio-afev-valencia\/"]}]},{"@type":"ImageObject","inLanguage":"es","@id":"https:\/\/afev.cat\/es\/comunicat-suspensio-afev-valencia\/#primaryimage","url":"https:\/\/afev.cat\/wp-content\/uploads\/2023\/07\/IMG-20230615-WA0026.jpg","contentUrl":"https:\/\/afev.cat\/wp-content\/uploads\/2023\/07\/IMG-20230615-WA0026.jpg","width":1080,"height":835},{"@type":"BreadcrumbList","@id":"https:\/\/afev.cat\/es\/comunicat-suspensio-afev-valencia\/#breadcrumb","itemListElement":[{"@type":"ListItem","position":1,"name":"Inici","item":"https:\/\/afev.cat\/es\/"},{"@type":"ListItem","position":2,"name":"[COMUNICAT] L&#8217;AFEV Val\u00e8ncia es veu for\u00e7ada a suspendre la seua activitat"}]},{"@type":"WebSite","@id":"https:\/\/afev.cat\/es\/#website","url":"https:\/\/afev.cat\/es\/","name":"AFEV","description":"Voluntariat social entre joves","potentialAction":[{"@type":"SearchAction","target":{"@type":"EntryPoint","urlTemplate":"https:\/\/afev.cat\/es\/?s={search_term_string}"},"query-input":{"@type":"PropertyValueSpecification","valueRequired":true,"valueName":"search_term_string"}}],"inLanguage":"es"},{"@type":"Person","@id":"https:\/\/afev.cat\/es\/#\/schema\/person\/2111428ce1954193a11054a1e2b5b0da","name":"adminTandem","url":"https:\/\/afev.cat\/es\/author\/admintandem\/"}]}},"_links":{"self":[{"href":"https:\/\/afev.cat\/es\/wp-json\/wp\/v2\/posts\/10419","targetHints":{"allow":["GET"]}}],"collection":[{"href":"https:\/\/afev.cat\/es\/wp-json\/wp\/v2\/posts"}],"about":[{"href":"https:\/\/afev.cat\/es\/wp-json\/wp\/v2\/types\/post"}],"author":[{"embeddable":true,"href":"https:\/\/afev.cat\/es\/wp-json\/wp\/v2\/users\/1"}],"replies":[{"embeddable":true,"href":"https:\/\/afev.cat\/es\/wp-json\/wp\/v2\/comments?post=10419"}],"version-history":[{"count":1,"href":"https:\/\/afev.cat\/es\/wp-json\/wp\/v2\/posts\/10419\/revisions"}],"predecessor-version":[{"id":10421,"href":"https:\/\/afev.cat\/es\/wp-json\/wp\/v2\/posts\/10419\/revisions\/10421"}],"wp:featuredmedia":[{"embeddable":true,"href":"https:\/\/afev.cat\/es\/wp-json\/wp\/v2\/media\/10417"}],"wp:attachment":[{"href":"https:\/\/afev.cat\/es\/wp-json\/wp\/v2\/media?parent=10419"}],"wp:term":[{"taxonomy":"category","embeddable":true,"href":"https:\/\/afev.cat\/es\/wp-json\/wp\/v2\/categories?post=10419"},{"taxonomy":"post_tag","embeddable":true,"href":"https:\/\/afev.cat\/es\/wp-json\/wp\/v2\/tags?post=10419"}],"curies":[{"name":"wp","href":"https:\/\/api.w.org\/{rel}","templated":true}]}}