{"id":10143,"date":"2022-11-29T16:02:08","date_gmt":"2022-11-29T15:02:08","guid":{"rendered":"https:\/\/afev.cat\/?p=10143"},"modified":"2022-11-29T16:18:57","modified_gmt":"2022-11-29T15:18:57","slug":"200-huellas-contra-las-desigualdades","status":"publish","type":"post","link":"https:\/\/afev.cat\/es\/200-huellas-contra-las-desigualdades\/","title":{"rendered":"200 huellas contra las desigualdades sociales y educativas"},"content":{"rendered":"\n<h2 class=\"wp-block-heading\">La AFEV lanza una nueva campa\u00f1a como respuesta a la dif\u00edcil situaci\u00f3n que sufren ni\u00f1os\/as, adolescentes y j\u00f3venes en Catalu\u00f1a<\/h2>\n\n\n\n<p>Las desigualdades sociales y educativas de ni\u00f1os y adolescentes en Catalu\u00f1a se est\u00e1n ensanchando cada vez m\u00e1s, hasta el punto que en 5 a\u00f1os, la <strong>tasa de riesgo de pobreza<\/strong> (antes de recibir las transferencias sociales) en menores de 16 a\u00f1os se ha incrementado un 8.5%. Los datos tambi\u00e9n reflejan que <strong>cuatro de cada diez menores<\/strong> de 16 a\u00f1os se encontraban en riesgo de pobreza en Catalu\u00f1a (41,7%) en 2021.<\/p>\n\n\n\n<p>Adem\u00e1s, seg\u00fan los \u00faltimos datos del IDESCAT, Catalu\u00f1a tiene un <strong>14,8% de Abandono Escolar Prematuro (AEP)<\/strong>, la segunda tasa m\u00e1s alta de Europa, solo por detr\u00e1s de Ruman\u00eda. Esto quiere decir que casi 15 de cada 100 estudiantes no llegan al bachillerato. De hecho, el 9% no acaba la Educaci\u00f3n Secundaria Obligatoria (E.S.O).<\/p>\n\n\n\n<figure class=\"wp-block-image size-large\"><img loading=\"lazy\" decoding=\"async\" width=\"1024\" height=\"334\" src=\"https:\/\/afev.cat\/wp-content\/uploads\/2022\/11\/diapo-1-esp-1024x334.jpg\" alt=\"\" class=\"wp-image-10052\" srcset=\"https:\/\/afev.cat\/wp-content\/uploads\/2022\/11\/diapo-1-esp-1024x334.jpg 1024w, https:\/\/afev.cat\/wp-content\/uploads\/2022\/11\/diapo-1-esp-300x98.jpg 300w, https:\/\/afev.cat\/wp-content\/uploads\/2022\/11\/diapo-1-esp-768x250.jpg 768w, https:\/\/afev.cat\/wp-content\/uploads\/2022\/11\/diapo-1-esp.jpg 1227w\" sizes=\"auto, (max-width: 1024px) 100vw, 1024px\" \/><\/figure>\n\n\n\n<h3 class=\"wp-block-heading\">200 huellas contra las desigualdades sociales y educativas<\/h3>\n\n\n\n<p>A pesar de la dif\u00edcil situaci\u00f3n, desde la\u00a0AFEV\u00a0nos hemos propuesto no dejar nadie atr\u00e1s. Por eso hemos lanzadola campa\u00f1a <strong>\u201c200 huellas contra las desigualdades sociales y educativas\u201d<\/strong>.<\/p>\n\n\n\n<p>El objetivo de esta campa\u00f1a es encontrar <strong>200 j\u00f3venes voluntarias<\/strong> que puedan acompa\u00f1ar una tarde en la semana a un\/a ni\u00f1o\/a, adolescente o joven en dificultades.<\/p>\n\n\n\n<p>El acompa\u00f1amiento consiste en que una persona voluntaria (mentora) y un\/a ni\u00f1o\/a, adolescente o joven (mentorada) forman un \u201ct\u00e1ndem\u201d. Es decir, una pareja que cada semana se encuentra para pasear, hablar, aprender, jugar, compartir, superarse, realizar actividades culturales o deportivas, etc.<\/p>\n\n\n\n<figure class=\"wp-block-image size-large\"><img loading=\"lazy\" decoding=\"async\" width=\"1024\" height=\"190\" src=\"https:\/\/afev.cat\/wp-content\/uploads\/2022\/11\/banner2-esp-1-1024x190.jpg\" alt=\"\" class=\"wp-image-10082\" srcset=\"https:\/\/afev.cat\/wp-content\/uploads\/2022\/11\/banner2-esp-1-1024x190.jpg 1024w, https:\/\/afev.cat\/wp-content\/uploads\/2022\/11\/banner2-esp-1-300x56.jpg 300w, https:\/\/afev.cat\/wp-content\/uploads\/2022\/11\/banner2-esp-1-768x142.jpg 768w, https:\/\/afev.cat\/wp-content\/uploads\/2022\/11\/banner2-esp-1.jpg 1080w\" sizes=\"auto, (max-width: 1024px) 100vw, 1024px\" \/><\/figure>\n\n\n\n<p>La AFEV act\u00faa tanto en la ciudad de Barcelona, como varios municipios del \u00c1rea Metropolitana, Catalu\u00f1a Central y provincia de Lleida. Este a\u00f1o, hemos recibido m\u00e1s de <strong>300 inscripciones<\/strong> de ni\u00f1os\/as, adolescentes o j\u00f3venes por parte de las referentes educativas o servicios sociales.<\/p>\n\n\n\n<p>Ante esta situaci\u00f3n, la delegada territorial de la AFEV en Catalu\u00f1a, Joke Aerts, destaca que \u201cmientras las desigualdades sociales y las necesidades que tenemos cada vez son m\u00e1s grandes, las entidades sociales que trabajamos con voluntariado notamos que despu\u00e9s de la pandemia, el n\u00famero de personas que realizan un voluntariado social ha ca\u00eddo considerablemente\u201d. La <strong>precarizaci\u00f3n de la juventud<\/strong> y la incertidumbre global influye en la bajada general de personas interesadas en hacer un voluntariado social.<\/p>\n\n\n\n<p>Esta nueva campa\u00f1a pretende revertir esta situaci\u00f3n y <strong>movilizar el voluntariado<\/strong> joven para que cada ni\u00f1o\/a, adolescente o joven tenga su persona mentora durante este curso.<\/p>\n\n\n\n<figure class=\"wp-block-gallery columns-3 is-cropped wp-block-gallery-1 is-layout-flex wp-block-gallery-is-layout-flex\"><ul class=\"blocks-gallery-grid\"><li class=\"blocks-gallery-item\"><figure><img loading=\"lazy\" decoding=\"async\" width=\"1024\" height=\"1024\" src=\"https:\/\/afev.cat\/wp-content\/uploads\/2022\/11\/slide-1-v2-1024x1024.png\" alt=\"\" data-id=\"10132\" data-full-url=\"https:\/\/afev.cat\/wp-content\/uploads\/2022\/11\/slide-1-v2.png\" data-link=\"https:\/\/afev.cat\/?attachment_id=10132\" class=\"wp-image-10132\" srcset=\"https:\/\/afev.cat\/wp-content\/uploads\/2022\/11\/slide-1-v2-1024x1024.png 1024w, https:\/\/afev.cat\/wp-content\/uploads\/2022\/11\/slide-1-v2-300x300.png 300w, https:\/\/afev.cat\/wp-content\/uploads\/2022\/11\/slide-1-v2-150x150.png 150w, https:\/\/afev.cat\/wp-content\/uploads\/2022\/11\/slide-1-v2-768x768.png 768w, https:\/\/afev.cat\/wp-content\/uploads\/2022\/11\/slide-1-v2.png 1080w\" sizes=\"auto, (max-width: 1024px) 100vw, 1024px\" \/><\/figure><\/li><li class=\"blocks-gallery-item\"><figure><img loading=\"lazy\" decoding=\"async\" width=\"1024\" height=\"1024\" src=\"https:\/\/afev.cat\/wp-content\/uploads\/2022\/11\/slide-2-v2-1024x1024.png\" alt=\"\" data-id=\"10135\" data-full-url=\"https:\/\/afev.cat\/wp-content\/uploads\/2022\/11\/slide-2-v2.png\" data-link=\"https:\/\/afev.cat\/?attachment_id=10135\" class=\"wp-image-10135\" srcset=\"https:\/\/afev.cat\/wp-content\/uploads\/2022\/11\/slide-2-v2-1024x1024.png 1024w, https:\/\/afev.cat\/wp-content\/uploads\/2022\/11\/slide-2-v2-300x300.png 300w, https:\/\/afev.cat\/wp-content\/uploads\/2022\/11\/slide-2-v2-150x150.png 150w, https:\/\/afev.cat\/wp-content\/uploads\/2022\/11\/slide-2-v2-768x768.png 768w, https:\/\/afev.cat\/wp-content\/uploads\/2022\/11\/slide-2-v2.png 1080w\" sizes=\"auto, (max-width: 1024px) 100vw, 1024px\" \/><\/figure><\/li><li class=\"blocks-gallery-item\"><figure><img loading=\"lazy\" decoding=\"async\" width=\"1024\" height=\"1024\" src=\"https:\/\/afev.cat\/wp-content\/uploads\/2022\/11\/slide-3-v2-1024x1024.png\" alt=\"\" data-id=\"10138\" data-full-url=\"https:\/\/afev.cat\/wp-content\/uploads\/2022\/11\/slide-3-v2.png\" data-link=\"https:\/\/afev.cat\/?attachment_id=10138\" class=\"wp-image-10138\" srcset=\"https:\/\/afev.cat\/wp-content\/uploads\/2022\/11\/slide-3-v2-1024x1024.png 1024w, https:\/\/afev.cat\/wp-content\/uploads\/2022\/11\/slide-3-v2-300x300.png 300w, https:\/\/afev.cat\/wp-content\/uploads\/2022\/11\/slide-3-v2-150x150.png 150w, https:\/\/afev.cat\/wp-content\/uploads\/2022\/11\/slide-3-v2-768x768.png 768w, https:\/\/afev.cat\/wp-content\/uploads\/2022\/11\/slide-3-v2.png 1080w\" sizes=\"auto, (max-width: 1024px) 100vw, 1024px\" \/><\/figure><\/li><\/ul><\/figure>\n\n\n\n<p>Por eso, os invitamos a adheriros a la campa\u00f1a <strong>compartiendo nuestras publicaciones en las redes sociales<\/strong> y difundiendo nuestra llamada a vuestras personas pr\u00f3ximas. Si como entidad tambi\u00e9n os quer\u00e9is adherir a la campa\u00f1a, os hemos preparado un <strong><a href=\"https:\/\/drive.google.com\/drive\/folders\/1rEM2ifv7C6wVmPI8XYqpvvAVmHEk2H_4\" target=\"_blank\" rel=\"noreferrer noopener\">kit de comunicaci\u00f3n<\/a><\/strong> con todo el material que necesit\u00e1is!<\/p>\n\n\n\n<p>Cualquier persona que quiera actuar contra las desigualdades sociales y educativas puede dirigirse a la entidad a trav\u00e9s de <a href=\"http:\/\/afev.cat\/voluntariado\">la web<\/a>, al mail voluntariat@afev.org o al tel\u00e9fono 633264626.<\/p>\n","protected":false},"excerpt":{"rendered":"<p>La AFEV lanza una nueva campa\u00f1a como respuesta a la dif\u00edcil situaci\u00f3n que sufren ni\u00f1os\/as, adolescentes y j\u00f3venes en Catalu\u00f1a Las desigualdades sociales y educativas de ni\u00f1os y adolescentes en Catalu\u00f1a se est\u00e1n ensanchando cada vez m\u00e1s, hasta el punto que en 5 a\u00f1os, la tasa de riesgo de pobreza (antes de recibir las transferencias &hellip;<\/p>\n","protected":false},"author":1,"featured_media":9893,"comment_status":"closed","ping_status":"open","sticky":false,"template":"","format":"standard","meta":{"inline_featured_image":false,"footnotes":""},"categories":[650],"tags":[],"class_list":["post-10143","post","type-post","status-publish","format-standard","has-post-thumbnail","hentry","category-sabias-que"],"yoast_head":"<!-- This site is optimized with the Yoast SEO plugin v27.0 - https:\/\/yoast.com\/product\/yoast-seo-wordpress\/ -->\n<title>200 huellas contra las desigualdades sociales y educativas - AFEV<\/title>\n<meta name=\"description\" content=\"La AFEV lanza la campa\u00f1a &quot;200 huellas&quot; como respuesta a la dif\u00edcil situaci\u00f3n que sufren ni\u00f1os\/as, adolescentes y j\u00f3venes en Catalu\u00f1a\" \/>\n<meta name=\"robots\" content=\"index, follow, max-snippet:-1, max-image-preview:large, max-video-preview:-1\" \/>\n<link rel=\"canonical\" href=\"https:\/\/afev.cat\/es\/200-huellas-contra-las-desigualdades\/\" \/>\n<meta property=\"og:locale\" content=\"es_ES\" \/>\n<meta property=\"og:type\" content=\"article\" \/>\n<meta property=\"og:title\" content=\"200 huellas contra las desigualdades sociales y educativas - AFEV\" \/>\n<meta property=\"og:description\" content=\"La AFEV lanza la campa\u00f1a &quot;200 huellas&quot; como respuesta a la dif\u00edcil situaci\u00f3n que sufren ni\u00f1os\/as, adolescentes y j\u00f3venes en Catalu\u00f1a\" \/>\n<meta property=\"og:url\" content=\"https:\/\/afev.cat\/es\/200-huellas-contra-las-desigualdades\/\" \/>\n<meta property=\"og:site_name\" content=\"AFEV\" \/>\n<meta property=\"article:publisher\" content=\"https:\/\/www.facebook.com\/afevcat\" \/>\n<meta property=\"article:published_time\" content=\"2022-11-29T15:02:08+00:00\" \/>\n<meta property=\"article:modified_time\" content=\"2022-11-29T15:18:57+00:00\" \/>\n<meta property=\"og:image\" content=\"https:\/\/afev.cat\/wp-content\/uploads\/2022\/11\/header1-esp.jpg\" \/>\n\t<meta property=\"og:image:width\" content=\"1200\" \/>\n\t<meta property=\"og:image:height\" content=\"628\" \/>\n\t<meta property=\"og:image:type\" content=\"image\/jpeg\" \/>\n<meta name=\"author\" content=\"adminTandem\" \/>\n<meta name=\"twitter:card\" content=\"summary_large_image\" \/>\n<meta name=\"twitter:creator\" content=\"@afevcat\" \/>\n<meta name=\"twitter:site\" content=\"@afevcat\" \/>\n<meta name=\"twitter:label1\" content=\"Escrito por\" \/>\n\t<meta name=\"twitter:data1\" content=\"adminTandem\" \/>\n\t<meta name=\"twitter:label2\" content=\"Tiempo de lectura\" \/>\n\t<meta name=\"twitter:data2\" content=\"4 minutos\" \/>\n<script type=\"application\/ld+json\" class=\"yoast-schema-graph\">{\"@context\":\"https:\/\/schema.org\",\"@graph\":[{\"@type\":\"Article\",\"@id\":\"https:\/\/afev.cat\/es\/200-huellas-contra-las-desigualdades\/#article\",\"isPartOf\":{\"@id\":\"https:\/\/afev.cat\/es\/200-huellas-contra-las-desigualdades\/\"},\"author\":{\"name\":\"adminTandem\",\"@id\":\"https:\/\/afev.cat\/es\/#\/schema\/person\/2111428ce1954193a11054a1e2b5b0da\"},\"headline\":\"200 huellas contra las desigualdades sociales y educativas\",\"datePublished\":\"2022-11-29T15:02:08+00:00\",\"dateModified\":\"2022-11-29T15:18:57+00:00\",\"mainEntityOfPage\":{\"@id\":\"https:\/\/afev.cat\/es\/200-huellas-contra-las-desigualdades\/\"},\"wordCount\":528,\"image\":{\"@id\":\"https:\/\/afev.cat\/es\/200-huellas-contra-las-desigualdades\/#primaryimage\"},\"thumbnailUrl\":\"https:\/\/afev.cat\/wp-content\/uploads\/2022\/11\/header1-2.jpg\",\"articleSection\":[\"Sab\u00edas que\"],\"inLanguage\":\"es\"},{\"@type\":\"WebPage\",\"@id\":\"https:\/\/afev.cat\/es\/200-huellas-contra-las-desigualdades\/\",\"url\":\"https:\/\/afev.cat\/es\/200-huellas-contra-las-desigualdades\/\",\"name\":\"200 huellas contra las desigualdades sociales y educativas - AFEV\",\"isPartOf\":{\"@id\":\"https:\/\/afev.cat\/es\/#website\"},\"primaryImageOfPage\":{\"@id\":\"https:\/\/afev.cat\/es\/200-huellas-contra-las-desigualdades\/#primaryimage\"},\"image\":{\"@id\":\"https:\/\/afev.cat\/es\/200-huellas-contra-las-desigualdades\/#primaryimage\"},\"thumbnailUrl\":\"https:\/\/afev.cat\/wp-content\/uploads\/2022\/11\/header1-2.jpg\",\"datePublished\":\"2022-11-29T15:02:08+00:00\",\"dateModified\":\"2022-11-29T15:18:57+00:00\",\"author\":{\"@id\":\"https:\/\/afev.cat\/es\/#\/schema\/person\/2111428ce1954193a11054a1e2b5b0da\"},\"description\":\"La AFEV lanza la campa\u00f1a \\\"200 huellas\\\" como respuesta a la dif\u00edcil situaci\u00f3n que sufren ni\u00f1os\/as, adolescentes y j\u00f3venes en Catalu\u00f1a\",\"breadcrumb\":{\"@id\":\"https:\/\/afev.cat\/es\/200-huellas-contra-las-desigualdades\/#breadcrumb\"},\"inLanguage\":\"es\",\"potentialAction\":[{\"@type\":\"ReadAction\",\"target\":[\"https:\/\/afev.cat\/es\/200-huellas-contra-las-desigualdades\/\"]}]},{\"@type\":\"ImageObject\",\"inLanguage\":\"es\",\"@id\":\"https:\/\/afev.cat\/es\/200-huellas-contra-las-desigualdades\/#primaryimage\",\"url\":\"https:\/\/afev.cat\/wp-content\/uploads\/2022\/11\/header1-2.jpg\",\"contentUrl\":\"https:\/\/afev.cat\/wp-content\/uploads\/2022\/11\/header1-2.jpg\",\"width\":2066,\"height\":917},{\"@type\":\"BreadcrumbList\",\"@id\":\"https:\/\/afev.cat\/es\/200-huellas-contra-las-desigualdades\/#breadcrumb\",\"itemListElement\":[{\"@type\":\"ListItem\",\"position\":1,\"name\":\"Inici\",\"item\":\"https:\/\/afev.cat\/es\/\"},{\"@type\":\"ListItem\",\"position\":2,\"name\":\"200 huellas contra las desigualdades sociales y educativas\"}]},{\"@type\":\"WebSite\",\"@id\":\"https:\/\/afev.cat\/es\/#website\",\"url\":\"https:\/\/afev.cat\/es\/\",\"name\":\"AFEV\",\"description\":\"Voluntariat social entre joves\",\"potentialAction\":[{\"@type\":\"SearchAction\",\"target\":{\"@type\":\"EntryPoint\",\"urlTemplate\":\"https:\/\/afev.cat\/es\/?s={search_term_string}\"},\"query-input\":{\"@type\":\"PropertyValueSpecification\",\"valueRequired\":true,\"valueName\":\"search_term_string\"}}],\"inLanguage\":\"es\"},{\"@type\":\"Person\",\"@id\":\"https:\/\/afev.cat\/es\/#\/schema\/person\/2111428ce1954193a11054a1e2b5b0da\",\"name\":\"adminTandem\",\"url\":\"https:\/\/afev.cat\/es\/author\/admintandem\/\"}]}<\/script>\n<!-- \/ Yoast SEO plugin. -->","yoast_head_json":{"title":"200 huellas contra las desigualdades sociales y educativas - AFEV","description":"La AFEV lanza la campa\u00f1a \"200 huellas\" como respuesta a la dif\u00edcil situaci\u00f3n que sufren ni\u00f1os\/as, adolescentes y j\u00f3venes en Catalu\u00f1a","robots":{"index":"index","follow":"follow","max-snippet":"max-snippet:-1","max-image-preview":"max-image-preview:large","max-video-preview":"max-video-preview:-1"},"canonical":"https:\/\/afev.cat\/es\/200-huellas-contra-las-desigualdades\/","og_locale":"es_ES","og_type":"article","og_title":"200 huellas contra las desigualdades sociales y educativas - AFEV","og_description":"La AFEV lanza la campa\u00f1a \"200 huellas\" como respuesta a la dif\u00edcil situaci\u00f3n que sufren ni\u00f1os\/as, adolescentes y j\u00f3venes en Catalu\u00f1a","og_url":"https:\/\/afev.cat\/es\/200-huellas-contra-las-desigualdades\/","og_site_name":"AFEV","article_publisher":"https:\/\/www.facebook.com\/afevcat","article_published_time":"2022-11-29T15:02:08+00:00","article_modified_time":"2022-11-29T15:18:57+00:00","og_image":[{"width":1200,"height":628,"url":"https:\/\/afev.cat\/wp-content\/uploads\/2022\/11\/header1-esp.jpg","type":"image\/jpeg"}],"author":"adminTandem","twitter_card":"summary_large_image","twitter_creator":"@afevcat","twitter_site":"@afevcat","twitter_misc":{"Escrito por":"adminTandem","Tiempo de lectura":"4 minutos"},"schema":{"@context":"https:\/\/schema.org","@graph":[{"@type":"Article","@id":"https:\/\/afev.cat\/es\/200-huellas-contra-las-desigualdades\/#article","isPartOf":{"@id":"https:\/\/afev.cat\/es\/200-huellas-contra-las-desigualdades\/"},"author":{"name":"adminTandem","@id":"https:\/\/afev.cat\/es\/#\/schema\/person\/2111428ce1954193a11054a1e2b5b0da"},"headline":"200 huellas contra las desigualdades sociales y educativas","datePublished":"2022-11-29T15:02:08+00:00","dateModified":"2022-11-29T15:18:57+00:00","mainEntityOfPage":{"@id":"https:\/\/afev.cat\/es\/200-huellas-contra-las-desigualdades\/"},"wordCount":528,"image":{"@id":"https:\/\/afev.cat\/es\/200-huellas-contra-las-desigualdades\/#primaryimage"},"thumbnailUrl":"https:\/\/afev.cat\/wp-content\/uploads\/2022\/11\/header1-2.jpg","articleSection":["Sab\u00edas que"],"inLanguage":"es"},{"@type":"WebPage","@id":"https:\/\/afev.cat\/es\/200-huellas-contra-las-desigualdades\/","url":"https:\/\/afev.cat\/es\/200-huellas-contra-las-desigualdades\/","name":"200 huellas contra las desigualdades sociales y educativas - AFEV","isPartOf":{"@id":"https:\/\/afev.cat\/es\/#website"},"primaryImageOfPage":{"@id":"https:\/\/afev.cat\/es\/200-huellas-contra-las-desigualdades\/#primaryimage"},"image":{"@id":"https:\/\/afev.cat\/es\/200-huellas-contra-las-desigualdades\/#primaryimage"},"thumbnailUrl":"https:\/\/afev.cat\/wp-content\/uploads\/2022\/11\/header1-2.jpg","datePublished":"2022-11-29T15:02:08+00:00","dateModified":"2022-11-29T15:18:57+00:00","author":{"@id":"https:\/\/afev.cat\/es\/#\/schema\/person\/2111428ce1954193a11054a1e2b5b0da"},"description":"La AFEV lanza la campa\u00f1a \"200 huellas\" como respuesta a la dif\u00edcil situaci\u00f3n que sufren ni\u00f1os\/as, adolescentes y j\u00f3venes en Catalu\u00f1a","breadcrumb":{"@id":"https:\/\/afev.cat\/es\/200-huellas-contra-las-desigualdades\/#breadcrumb"},"inLanguage":"es","potentialAction":[{"@type":"ReadAction","target":["https:\/\/afev.cat\/es\/200-huellas-contra-las-desigualdades\/"]}]},{"@type":"ImageObject","inLanguage":"es","@id":"https:\/\/afev.cat\/es\/200-huellas-contra-las-desigualdades\/#primaryimage","url":"https:\/\/afev.cat\/wp-content\/uploads\/2022\/11\/header1-2.jpg","contentUrl":"https:\/\/afev.cat\/wp-content\/uploads\/2022\/11\/header1-2.jpg","width":2066,"height":917},{"@type":"BreadcrumbList","@id":"https:\/\/afev.cat\/es\/200-huellas-contra-las-desigualdades\/#breadcrumb","itemListElement":[{"@type":"ListItem","position":1,"name":"Inici","item":"https:\/\/afev.cat\/es\/"},{"@type":"ListItem","position":2,"name":"200 huellas contra las desigualdades sociales y educativas"}]},{"@type":"WebSite","@id":"https:\/\/afev.cat\/es\/#website","url":"https:\/\/afev.cat\/es\/","name":"AFEV","description":"Voluntariat social entre joves","potentialAction":[{"@type":"SearchAction","target":{"@type":"EntryPoint","urlTemplate":"https:\/\/afev.cat\/es\/?s={search_term_string}"},"query-input":{"@type":"PropertyValueSpecification","valueRequired":true,"valueName":"search_term_string"}}],"inLanguage":"es"},{"@type":"Person","@id":"https:\/\/afev.cat\/es\/#\/schema\/person\/2111428ce1954193a11054a1e2b5b0da","name":"adminTandem","url":"https:\/\/afev.cat\/es\/author\/admintandem\/"}]}},"_links":{"self":[{"href":"https:\/\/afev.cat\/es\/wp-json\/wp\/v2\/posts\/10143","targetHints":{"allow":["GET"]}}],"collection":[{"href":"https:\/\/afev.cat\/es\/wp-json\/wp\/v2\/posts"}],"about":[{"href":"https:\/\/afev.cat\/es\/wp-json\/wp\/v2\/types\/post"}],"author":[{"embeddable":true,"href":"https:\/\/afev.cat\/es\/wp-json\/wp\/v2\/users\/1"}],"replies":[{"embeddable":true,"href":"https:\/\/afev.cat\/es\/wp-json\/wp\/v2\/comments?post=10143"}],"version-history":[{"count":1,"href":"https:\/\/afev.cat\/es\/wp-json\/wp\/v2\/posts\/10143\/revisions"}],"predecessor-version":[{"id":10144,"href":"https:\/\/afev.cat\/es\/wp-json\/wp\/v2\/posts\/10143\/revisions\/10144"}],"wp:featuredmedia":[{"embeddable":true,"href":"https:\/\/afev.cat\/es\/wp-json\/wp\/v2\/media\/9893"}],"wp:attachment":[{"href":"https:\/\/afev.cat\/es\/wp-json\/wp\/v2\/media?parent=10143"}],"wp:term":[{"taxonomy":"category","embeddable":true,"href":"https:\/\/afev.cat\/es\/wp-json\/wp\/v2\/categories?post=10143"},{"taxonomy":"post_tag","embeddable":true,"href":"https:\/\/afev.cat\/es\/wp-json\/wp\/v2\/tags?post=10143"}],"curies":[{"name":"wp","href":"https:\/\/api.w.org\/{rel}","templated":true}]}}